{"id":495,"date":"2017-08-02T10:40:41","date_gmt":"2017-08-02T09:40:41","guid":{"rendered":"http:\/\/www.clic-formalites.com\/blog\/?p=495"},"modified":"2026-03-10T15:55:01","modified_gmt":"2026-03-10T14:55:01","slug":"start-up-nation-macron-marche-numerique","status":"publish","type":"post","link":"https:\/\/www.clic-formalites.com\/blog\/start-up-nation-macron-marche-numerique\/","title":{"rendered":"Start-up Nation : Macron en Marche Num\u00e9rique !"},"content":{"rendered":"\n<p><span style=\"font-weight: 400;\">Emmanuel Macron\u00a0veut favoriser le d\u00e9veloppement des \u00ab Jeunes pousses \u00bb<\/span> . <span style=\"font-weight: 400;\">Non, le Pr\u00e9sident ne se lance pas dans l\u2019agriculture et ne compte pas faire de la France un potager g\u00e9ant. Ce terme d\u00e9signe les start-up : des jeunes entreprises innovantes et dynamiques qui propulsent le secteur des nouvelles technologies.<\/span><\/p>\n\n\n\n<p><span style=\"font-weight: 400;\">La France sera le pays \u00ab leader de l&rsquo;hyper-innovation [\u2026] Nous allons promouvoir un \u00c9tat adapt\u00e9 au XXIe si\u00e8cle : num\u00e9rique, innovant et inclusif \u00bb, lance Emmanuel Macron&nbsp;aux entrepreneurs pr\u00e9sents lors du salon Viva Tech, d\u00e9di\u00e9 aux nouvelles technologies. C\u2019est l\u2019esprit \u201cstart-up nation\u201d qui anime le Pr\u00e9sident et le gouvernement d\u2019Edouard Philippe.<\/span><\/p>\n\n\n\n<p><span style=\"font-weight: 400;\">Mais quel contenu donner \u00e0 ce terme \u201cstart-up nation\u201d cher au c\u0153ur du Pr\u00e9sident ? Quelles orientations Emmanuel Macron&nbsp;veut-il impulser pour faire de la France la nouvelle Silicon Valley europ\u00e9enne ?<\/span><\/p>\n\n\n\n<p><span style=\"font-weight: 400;\"><a href=\"https:\/\/www.clic-formalites.com\/\" target=\"_blank\" rel=\"noreferrer noopener\">Clic formalit\u00e9s<\/a> fait le point.<\/span><\/p>\n\n\n<h2 class=\"wp-block-heading\" id=\"startup-nation-un-concept-venu-des-states\"><b>Start-up Nation : un concept venu des States<\/b><\/h2>\n\n\n<p><span style=\"font-weight: 400;\">Pour comprendre ce qu\u2019est une start-up nation, il faut revenir \u00e0 la source c\u2019est-\u00e0-dire \u00e0 la notion cl\u00e9 de start-up.<\/span><\/p>\n\n\n\n<p><span style=\"font-weight: 400;\">\u00ab <\/span><i><span style=\"font-weight: 400;\">Une start-up est une jeune entreprise avec une ambition mondiale \u00e0 la recherche d\u2019un mod\u00e8le \u00e9conomique qui lui assurera une croissance forte et rapide, ou une entreprise qui a grandi avec un tel mod\u00e8le <\/span><\/i><span style=\"font-weight: 400;\">\u00bb (<\/span><a href=\"http:\/\/www.lafrenchtech.com\/\" target=\"_blank\" rel=\"noreferrer noopener\"><span style=\"font-weight: 400;\">http:\/\/www.lafrenchtech.com\/<\/span><\/a><span style=\"font-weight: 400;\">). <\/span><\/p>\n\n\n\n<p><span style=\"font-weight: 400;\">L\u2019un des marqueurs d\u2019une start-up : c\u2019est &nbsp;sa prise de risque. Innovante, elle explore de nouveaux produits ou services. Elle s\u2019appuie sur les nouvelles technologies et le num\u00e9rique : technologies de la sant\u00e9 (medtech), technologies vertes (cleantech), biotechnologies (biotech), finance (fintech), juridiques (legaltech) ou encore dans les entreprises industrielles.<\/span><\/p>\n\n\n\n<p><span style=\"font-weight: 400;\">Les \u00c9tats sont conscients que les start-up sont un levier important de la croissance. Elles favorisent la cr\u00e9ation d\u2019emplois, dynamisent certains secteurs d\u2019activit\u00e9s et attirent les investissements nationaux ou \u00e9trangers. Les \u00c9tats-Unis ont \u00e9t\u00e9 les premiers \u00e0 d\u00e9velopper cette id\u00e9e de start-up nation. Le gouvernement am\u00e9ricain a favoris\u00e9 l\u2019implantation de ces start-up sur son sol. La Silicon Valley californienne concentre aujourd\u2019hui \u00e0 elle seule plus d\u2019un quart des investissements mondiaux du secteur. Au niveau europ\u00e9en, la Grande Bretagne est actuellement la premi\u00e8re start-up nation avec 3,6 milliards d\u2019euros d\u2019investissements. La France s\u2019est hiss\u00e9e au 2\u00e8me rang juste devant l\u2019Allemagne en 2017 avec 2,3 milliards d\u2019euros d\u2019investissements.<\/span><\/p>\n\n\n\n<p><span style=\"font-weight: 400;\">La France veut \u00eatre un pays attractif, attirer les investisseurs \u00e9trangers et aider au d\u00e9veloppement des start-up. Emmanuel Macron&nbsp;a fix\u00e9 une feuille de route pour arriver \u00e0 son objectif : faire de la France une start-up nation de haut niveau.<\/span><\/p>\n\n\n\n<p><span style=\"font-weight: 400;\">Le gouvernement mise sur le d\u00e9veloppement de l\u2019\u00e9conomie num\u00e9rique qui repr\u00e9sente \u00e0 elle seule une part importante du num\u00e9rique.<\/span><\/p>\n\n\n\n<p><span style=\"font-weight: 400;\">Le Pr\u00e9sident Macron&nbsp;a \u00e9labor\u00e9 une strat\u00e9gie &nbsp;reposant sur une r\u00e9forme globale du num\u00e9rique en 15 points. Le Gouvernement a ainsi envoy\u00e9 une lettre de mission aux diff\u00e9rents services et minist\u00e8res concern\u00e9s pour d\u00e9finir les grands axes de la r\u00e9forme du num\u00e9rique. La loi de finances 2018 sera l\u2019un des supports privil\u00e9gi\u00e9s pour r\u00e9pondre aux v\u0153ux d\u2019Emmanuel Macron.<\/span><\/p>\n\n\n<h2 class=\"wp-block-heading\" id=\"macronnbsp-sa-reforme-numerique\"><b>Macron : sa r\u00e9forme num\u00e9rique<\/b><\/h2>\n\n\n<p><span style=\"font-weight: 400;\">Les mesures \u00e0 retenir dans cette lettre de mission (dont l\u2019Express s\u2019est procur\u00e9 une copie) :<\/span><\/p>\n\n\n<h3 class=\"wp-block-heading\" id=\"1-un-paquet-fiscal-et-reglementaire-pour-les-startup-pour-favoriser-lattractivite-et-la-croissance-economique\"><strong>1\/ Un \u00ab paquet fiscal et r\u00e9glementaire pour les start-up pour favoriser l\u2019attractivit\u00e9 et la croissance \u00e9conomique \u00bb<\/strong><\/h3>\n\n\n<p style=\"font-style:normal;font-weight:400\"><span style=\"font-weight: 400;\">Cette r\u00e9forme concerne notamment la transformation de l\u2019imp\u00f4t de solidarit\u00e9 sur la fortune (ISF) en imp\u00f4t sur la fortune immobili\u00e8re (IFI). L\u2019assiette (la base d\u2019imposition) vise uniquement les biens immobiliers. Le nouvel imp\u00f4t exclut les actifs mobiliers (avoirs bancaires, actions, obligations, etc.) de son assiette. Selon le Pr\u00e9sident Macron, cette r\u00e9forme encourage le financement des entreprises par l\u2019\u00e9pargne financi\u00e8re.<\/span> En effet, <span style=\"font-weight: 400;\">le dispositif de l\u2019IFI ne taxe plus ces investissements.<\/span><\/p>\n\n\n<h3 class=\"wp-block-heading\" id=\"2-un-plan-territoire-numerique\"><strong>2\/ Un plan territoire num\u00e9rique<\/strong><\/h3>\n\n\n<p><span style=\"font-weight: 400;\">2Le \u00a0maillage num\u00e9rique est une condition <\/span><i><span style=\"font-weight: 400;\">sine qua non<\/span><\/i><span style=\"font-weight: 400;\"> de la r\u00e9ussite de la start-up nation voulue par Emmanuel Macron. Lors de la conf\u00e9rence des territoires, le Pr\u00e9sident a annonc\u00e9 que le Gouvernement d\u00e9ploierait une couverture \u00ab\u00a0en haut et tr\u00e8s haut d\u00e9bit\u00a0\u00bb sur l&rsquo;ensemble de la France d&rsquo;ici la fin de l&rsquo;ann\u00e9e 2020. \u00a0Il veut ainsi acc\u00e9l\u00e9rer ce calendrier num\u00e9rique et impliquer davantage les op\u00e9rateurs t\u00e9l\u00e9phoniques. Cela passera, selon ses mots, par la prise de \u00ab mesures nouvelles d&rsquo;incitation et de contrainte \u00e0 l&rsquo;\u00e9gard des op\u00e9rateurs de t\u00e9l\u00e9phonie \u00bb. \u00a0<\/span><\/p>\n\n\n\n<p><span style=\"font-weight: 400;\">Le Pr\u00e9sident d\u00e9plore que \u00ab les d\u00e9ploiements ne sont pas assez rapides, les op\u00e9rateurs, aujourd&rsquo;hui, rechignent encore dans les endroits qui sont les moins rentables \u00bb. La France pour lutter contre la fracture num\u00e9rique doit s\u2019en donner les moyens. Emmanuel Macron a indiqu\u00e9 qu\u2019il affecterait une partie du grand plan d\u2019investissement \u00e0 cette priorit\u00e9. Selon lui, la France doit envisager tous les moyens technologiques compl\u00e9mentaires \u2014 fibre optique, internet mobile ou satellite \u2014 pour r\u00e9ussir le pari d&rsquo;un territoire tout num\u00e9rique.<\/span><\/p>\n\n\n<h3 class=\"wp-block-heading\" id=\"3-un-plan-pour-linclusion-numerique\"><strong>3\/ Un plan pour \u00ab l\u2019inclusion num\u00e9rique \u00bb<\/strong><\/h3>\n\n\n<p><span style=\"font-weight: 400;\">Ce plan pr\u00e9voit la formation de 3 millions de personnes sur 5 ans. Il englobe notamment la &nbsp;r\u00e9novation de l\u2019offre de formation et de m\u00e9diation, la restructuration des espaces num\u00e9riques. Des partenariats avec des acteurs en place sont \u00e9galement pr\u00e9vus ainsi qu\u2019une mise en relation entre volontaires et b\u00e9n\u00e9ficiaires et l\u2019option d\u2019un ch\u00e8que num\u00e9rique pour financer les formations. Ce plan sera pilot\u00e9 par l\u2019agence du num\u00e9rique et le secr\u00e9tariat g\u00e9n\u00e9ral pour la modernisation de l&rsquo;action publique (SGMAP). <\/span><\/p>\n\n\n\n<p><span style=\"font-weight: 400;\">L\u2019\u00e9ducation fait \u00e9galement partie de ce grand plan num\u00e9rique. Une \u00ab \u00e9ducation num\u00e9rique \u00bb est aussi au programme. Une initiation au num\u00e9rique est pr\u00e9vue \u00e0 chaque \u00e9tape de la vie de l\u2019\u00e9l\u00e8ve : \u00e9cole, coll\u00e8ge et lyc\u00e9e. Le but est de faire acqu\u00e9rir aux \u00e9l\u00e8ves des comp\u00e9tences num\u00e9riques en ad\u00e9quation avec le monde de l\u2019entreprise num\u00e9rique.<\/span><\/p>\n\n\n\n<p><span style=\"font-weight: 400;\">Les administrations ne seront pas en reste. Le Pr\u00e9sident Macron&nbsp;a \u00e9galement fix\u00e9 comme objectif de num\u00e9riser l\u2019ensemble des proc\u00e9dures des administrations d\u2019ici \u00e0 2020. &nbsp;<\/span><i><span style=\"font-weight: 400;\">\u00ab L\u2019\u00c9tat doit devenir digital \u00bb.<\/span><\/i><\/p>\n\n\n\n<p><span style=\"font-weight: 400;\">Dernier point fort que le Pr\u00e9sident a martel\u00e9 en fran\u00e7ais comme anglais : \u00ab <\/span><i><span style=\"font-weight: 400;\">attirer les talents du monde entier \u00bb ou le \u00ab Come to France \u00bb qu\u2019il a lanc\u00e9 d\u00e8s l\u2019arriv\u00e9e de Donald TRUMP au pouvoir. Un titre de s\u00e9jour de 4 ans a \u00e9t\u00e9 mis en place pour faciliter l\u2019arriv\u00e9e en France des cr\u00e9ateurs de <\/span><\/i><span style=\"font-weight: 400;\">start-up, salari\u00e9s et investisseurs dans le secteur du num\u00e9rique. Ce visa doit simplifier les proc\u00e9dures de permis de travail dans le domaine du num\u00e9rique et permettre \u00e0 la France de devenir une v\u00e9ritable terre d\u2019investissements.<\/span><\/p>\n\n\n\n<p><\/p>\n\n\n\n<p><span style=\"font-weight: 400;\">Ambitieux, serait peut-\u00eatre le meilleur adjectif pour qualifier le grand plan num\u00e9rique voulu par Emmanuel Macron. Faire de la France la premi\u00e8re start-up nation d\u2019Europe dans les mois qui viennent l\u2019est tout autant. Les r\u00e9formes annonc\u00e9es auront-elles les r\u00e9sultats attendus, seul l\u2019avenir nous le dira. <\/span><\/p>\n\n\n\n<p><span style=\"font-weight: 400;\"><em><strong>Sources :<\/strong><\/em><br><a href=\"https:\/\/www.economie.gouv.fr\/\" target=\"_blank\" rel=\"noreferrer noopener\">https:\/\/www.economie.gouv.fr\/<\/a><br><\/span><a href=\"http:\/\/www.lafrenchtech.com\/\" target=\"_blank\" rel=\"noreferrer noopener\"><span style=\"font-weight: 400;\">http:\/\/www.lafrenchtech.com\/<\/span><\/a><a href=\"http:\/\/www.modernisation.gouv.fr\/le-sgmap\"><span style=\"font-weight: 400;\"><br><\/span><\/a><a href=\"https:\/\/www.republique-numerique.fr\/\" target=\"_blank\" rel=\"noreferrer noopener\"><span style=\"font-weight: 400;\">https:\/\/www.republique-numerique.fr\/<\/span><\/a><\/p>\n\n\n\n<p><\/p>\n","protected":false},"excerpt":{"rendered":"<p>Emmanuel Macron&nbsp;veut favoriser le d&eacute;veloppement des &laquo; Jeunes pousses &raquo; . Non, le Pr&eacute;sident ne se lance pas dans l&rsquo;agriculture et ne compte pas faire de la France un potager g&eacute;ant. Ce terme d&eacute;signe les start-up : des jeunes entreprises innovantes et dynamiques qui propulsent le secteur des nouvelles technologies. La France sera le pays [&hellip;]<\/p>\n","protected":false},"author":9,"featured_media":726,"comment_status":"closed","ping_status":"open","sticky":false,"template":"","format":"standard","meta":{"footnotes":""},"categories":[7,3],"tags":[],"class_list":["post-495","post","type-post","status-publish","format-standard","has-post-thumbnail","hentry","category-guide-a-lentrepreneur","category-nouvelles-reformes"],"yoast_head":"<!-- This site is optimized with the Yoast SEO plugin v27.5 - https:\/\/yoast.com\/product\/yoast-seo-wordpress\/ -->\n<title>Start-up Nation : Macron en Marche Num\u00e9rique !<\/title>\n<meta name=\"description\" content=\"Quelles sont les mesures pr\u00e9vues par Emmanuel Macron pour faire de la France une start-up nation et attirer les entrepreneurs du num\u00e9rique ?\" \/>\n<meta name=\"robots\" content=\"index, follow, max-snippet:-1, max-image-preview:large, max-video-preview:-1\" \/>\n<link rel=\"canonical\" href=\"https:\/\/www.clic-formalites.com\/blog\/start-up-nation-macron-marche-numerique\/\" \/>\n<meta property=\"og:locale\" content=\"fr_FR\" \/>\n<meta property=\"og:type\" content=\"article\" \/>\n<meta property=\"og:title\" content=\"Start-up Nation : Macron en Marche Num\u00e9rique !\" \/>\n<meta property=\"og:description\" content=\"Quelles sont les mesures pr\u00e9vues par Emmanuel Macron pour faire de la France une start-up nation et attirer les entrepreneurs du num\u00e9rique ?\" \/>\n<meta property=\"og:url\" content=\"https:\/\/www.clic-formalites.com\/blog\/start-up-nation-macron-marche-numerique\/\" \/>\n<meta property=\"og:site_name\" content=\"Clic Formalit\u00e9s, Le Blog\" \/>\n<meta property=\"article:publisher\" content=\"https:\/\/www.facebook.com\/search\/top?q=clicformalits\" \/>\n<meta property=\"article:published_time\" content=\"2017-08-02T09:40:41+00:00\" \/>\n<meta property=\"article:modified_time\" content=\"2026-03-10T14:55:01+00:00\" \/>\n<meta property=\"og:image\" content=\"https:\/\/www.clic-formalites.com\/blog\/wp-content\/uploads\/2017\/08\/017.png\" \/>\n\t<meta property=\"og:image:width\" content=\"1170\" \/>\n\t<meta property=\"og:image:height\" content=\"700\" \/>\n\t<meta property=\"og:image:type\" content=\"image\/png\" \/>\n<meta name=\"author\" content=\"Doriane S.\" \/>\n<meta name=\"twitter:card\" content=\"summary_large_image\" \/>\n<meta name=\"twitter:label1\" content=\"\u00c9crit par\" \/>\n\t<meta name=\"twitter:data1\" content=\"Doriane S.\" \/>\n\t<meta name=\"twitter:label2\" content=\"Dur\u00e9e de lecture estim\u00e9e\" \/>\n\t<meta name=\"twitter:data2\" content=\"6 minutes\" \/>\n<script type=\"application\/ld+json\" class=\"yoast-schema-graph\">{\"@context\":\"https:\\\/\\\/schema.org\",\"@graph\":[{\"@type\":[\"Article\",\"BlogPosting\"],\"@id\":\"https:\\\/\\\/www.clic-formalites.com\\\/blog\\\/start-up-nation-macron-marche-numerique\\\/#article\",\"isPartOf\":{\"@id\":\"https:\\\/\\\/www.clic-formalites.com\\\/blog\\\/start-up-nation-macron-marche-numerique\\\/\"},\"author\":{\"name\":\"Doriane S.\",\"@id\":\"https:\\\/\\\/www.clic-formalites.com\\\/blog\\\/#\\\/schema\\\/person\\\/0a5af902de850798958dcc5ec7a60293\"},\"headline\":\"Start-up Nation : Macron en Marche Num\u00e9rique !\",\"datePublished\":\"2017-08-02T09:40:41+00:00\",\"dateModified\":\"2026-03-10T14:55:01+00:00\",\"mainEntityOfPage\":{\"@id\":\"https:\\\/\\\/www.clic-formalites.com\\\/blog\\\/start-up-nation-macron-marche-numerique\\\/\"},\"wordCount\":1227,\"publisher\":{\"@id\":\"https:\\\/\\\/www.clic-formalites.com\\\/blog\\\/#organization\"},\"image\":{\"@id\":\"https:\\\/\\\/www.clic-formalites.com\\\/blog\\\/start-up-nation-macron-marche-numerique\\\/#primaryimage\"},\"thumbnailUrl\":\"https:\\\/\\\/www.clic-formalites.com\\\/blog\\\/wp-content\\\/uploads\\\/2017\\\/08\\\/017.png\",\"articleSection\":[\"Guide de l'Entrepreneur\",\"Nouvelles R\u00e9formes\"],\"inLanguage\":\"fr-FR\"},{\"@type\":\"WebPage\",\"@id\":\"https:\\\/\\\/www.clic-formalites.com\\\/blog\\\/start-up-nation-macron-marche-numerique\\\/\",\"url\":\"https:\\\/\\\/www.clic-formalites.com\\\/blog\\\/start-up-nation-macron-marche-numerique\\\/\",\"name\":\"Start-up Nation : Macron en Marche Num\u00e9rique !\",\"isPartOf\":{\"@id\":\"https:\\\/\\\/www.clic-formalites.com\\\/blog\\\/#website\"},\"primaryImageOfPage\":{\"@id\":\"https:\\\/\\\/www.clic-formalites.com\\\/blog\\\/start-up-nation-macron-marche-numerique\\\/#primaryimage\"},\"image\":{\"@id\":\"https:\\\/\\\/www.clic-formalites.com\\\/blog\\\/start-up-nation-macron-marche-numerique\\\/#primaryimage\"},\"thumbnailUrl\":\"https:\\\/\\\/www.clic-formalites.com\\\/blog\\\/wp-content\\\/uploads\\\/2017\\\/08\\\/017.png\",\"datePublished\":\"2017-08-02T09:40:41+00:00\",\"dateModified\":\"2026-03-10T14:55:01+00:00\",\"description\":\"Quelles sont les mesures pr\u00e9vues par Emmanuel Macron pour faire de la France une start-up nation et attirer les entrepreneurs du num\u00e9rique ?\",\"breadcrumb\":{\"@id\":\"https:\\\/\\\/www.clic-formalites.com\\\/blog\\\/start-up-nation-macron-marche-numerique\\\/#breadcrumb\"},\"inLanguage\":\"fr-FR\",\"potentialAction\":[{\"@type\":\"ReadAction\",\"target\":[\"https:\\\/\\\/www.clic-formalites.com\\\/blog\\\/start-up-nation-macron-marche-numerique\\\/\"]}]},{\"@type\":\"ImageObject\",\"inLanguage\":\"fr-FR\",\"@id\":\"https:\\\/\\\/www.clic-formalites.com\\\/blog\\\/start-up-nation-macron-marche-numerique\\\/#primaryimage\",\"url\":\"https:\\\/\\\/www.clic-formalites.com\\\/blog\\\/wp-content\\\/uploads\\\/2017\\\/08\\\/017.png\",\"contentUrl\":\"https:\\\/\\\/www.clic-formalites.com\\\/blog\\\/wp-content\\\/uploads\\\/2017\\\/08\\\/017.png\",\"width\":1170,\"height\":700},{\"@type\":\"BreadcrumbList\",\"@id\":\"https:\\\/\\\/www.clic-formalites.com\\\/blog\\\/start-up-nation-macron-marche-numerique\\\/#breadcrumb\",\"itemListElement\":[{\"@type\":\"ListItem\",\"position\":1,\"name\":\"Accueil\",\"item\":\"https:\\\/\\\/www.clic-formalites.com\\\/blog\\\/\"},{\"@type\":\"ListItem\",\"position\":2,\"name\":\"Start-up Nation : Macron en Marche Num\u00e9rique !\"}]},{\"@type\":\"WebSite\",\"@id\":\"https:\\\/\\\/www.clic-formalites.com\\\/blog\\\/#website\",\"url\":\"https:\\\/\\\/www.clic-formalites.com\\\/blog\\\/\",\"name\":\"Clic Formalit\u00e9s, Le Blog\",\"description\":\"\",\"publisher\":{\"@id\":\"https:\\\/\\\/www.clic-formalites.com\\\/blog\\\/#organization\"},\"potentialAction\":[{\"@type\":\"SearchAction\",\"target\":{\"@type\":\"EntryPoint\",\"urlTemplate\":\"https:\\\/\\\/www.clic-formalites.com\\\/blog\\\/?s={search_term_string}\"},\"query-input\":{\"@type\":\"PropertyValueSpecification\",\"valueRequired\":true,\"valueName\":\"search_term_string\"}}],\"inLanguage\":\"fr-FR\"},{\"@type\":\"Organization\",\"@id\":\"https:\\\/\\\/www.clic-formalites.com\\\/blog\\\/#organization\",\"name\":\"Clic Formalit\u00e9s, Le Blog\",\"url\":\"https:\\\/\\\/www.clic-formalites.com\\\/blog\\\/\",\"logo\":{\"@type\":\"ImageObject\",\"inLanguage\":\"fr-FR\",\"@id\":\"https:\\\/\\\/www.clic-formalites.com\\\/blog\\\/#\\\/schema\\\/logo\\\/image\\\/\",\"url\":\"https:\\\/\\\/www.clic-formalites.com\\\/blog\\\/wp-content\\\/uploads\\\/2026\\\/01\\\/clic-logo.png\",\"contentUrl\":\"https:\\\/\\\/www.clic-formalites.com\\\/blog\\\/wp-content\\\/uploads\\\/2026\\\/01\\\/clic-logo.png\",\"width\":884,\"height\":329,\"caption\":\"Clic Formalit\u00e9s, Le Blog\"},\"image\":{\"@id\":\"https:\\\/\\\/www.clic-formalites.com\\\/blog\\\/#\\\/schema\\\/logo\\\/image\\\/\"},\"sameAs\":[\"https:\\\/\\\/www.facebook.com\\\/search\\\/top?q=clicformalits\",\"https:\\\/\\\/www.linkedin.com\\\/company\\\/clic-formalits\\\/posts\\\/?feedView=all\"]},{\"@type\":\"Person\",\"@id\":\"https:\\\/\\\/www.clic-formalites.com\\\/blog\\\/#\\\/schema\\\/person\\\/0a5af902de850798958dcc5ec7a60293\",\"name\":\"Doriane S.\",\"image\":{\"@type\":\"ImageObject\",\"inLanguage\":\"fr-FR\",\"@id\":\"https:\\\/\\\/secure.gravatar.com\\\/avatar\\\/d6e9a8743b1659d0e2554de64a478a08aa5d2eed9e44b7b6a27bba7301ce3f71?s=96&d=mm&r=g\",\"url\":\"https:\\\/\\\/secure.gravatar.com\\\/avatar\\\/d6e9a8743b1659d0e2554de64a478a08aa5d2eed9e44b7b6a27bba7301ce3f71?s=96&d=mm&r=g\",\"contentUrl\":\"https:\\\/\\\/secure.gravatar.com\\\/avatar\\\/d6e9a8743b1659d0e2554de64a478a08aa5d2eed9e44b7b6a27bba7301ce3f71?s=96&d=mm&r=g\",\"caption\":\"Doriane S.\"},\"url\":\"https:\\\/\\\/www.clic-formalites.com\\\/blog\\\/author\\\/doriane\\\/\"}]}<\/script>\n<!-- \/ Yoast SEO plugin. -->","yoast_head_json":{"title":"Start-up Nation : Macron en Marche Num\u00e9rique !","description":"Quelles sont les mesures pr\u00e9vues par Emmanuel Macron pour faire de la France une start-up nation et attirer les entrepreneurs du num\u00e9rique ?","robots":{"index":"index","follow":"follow","max-snippet":"max-snippet:-1","max-image-preview":"max-image-preview:large","max-video-preview":"max-video-preview:-1"},"canonical":"https:\/\/www.clic-formalites.com\/blog\/start-up-nation-macron-marche-numerique\/","og_locale":"fr_FR","og_type":"article","og_title":"Start-up Nation : Macron en Marche Num\u00e9rique !","og_description":"Quelles sont les mesures pr\u00e9vues par Emmanuel Macron pour faire de la France une start-up nation et attirer les entrepreneurs du num\u00e9rique ?","og_url":"https:\/\/www.clic-formalites.com\/blog\/start-up-nation-macron-marche-numerique\/","og_site_name":"Clic Formalit\u00e9s, Le Blog","article_publisher":"https:\/\/www.facebook.com\/search\/top?q=clicformalits","article_published_time":"2017-08-02T09:40:41+00:00","article_modified_time":"2026-03-10T14:55:01+00:00","og_image":[{"width":1170,"height":700,"url":"https:\/\/www.clic-formalites.com\/blog\/wp-content\/uploads\/2017\/08\/017.png","type":"image\/png"}],"author":"Doriane S.","twitter_card":"summary_large_image","twitter_misc":{"\u00c9crit par":"Doriane S.","Dur\u00e9e de lecture estim\u00e9e":"6 minutes"},"schema":{"@context":"https:\/\/schema.org","@graph":[{"@type":["Article","BlogPosting"],"@id":"https:\/\/www.clic-formalites.com\/blog\/start-up-nation-macron-marche-numerique\/#article","isPartOf":{"@id":"https:\/\/www.clic-formalites.com\/blog\/start-up-nation-macron-marche-numerique\/"},"author":{"name":"Doriane S.","@id":"https:\/\/www.clic-formalites.com\/blog\/#\/schema\/person\/0a5af902de850798958dcc5ec7a60293"},"headline":"Start-up Nation : Macron en Marche Num\u00e9rique !","datePublished":"2017-08-02T09:40:41+00:00","dateModified":"2026-03-10T14:55:01+00:00","mainEntityOfPage":{"@id":"https:\/\/www.clic-formalites.com\/blog\/start-up-nation-macron-marche-numerique\/"},"wordCount":1227,"publisher":{"@id":"https:\/\/www.clic-formalites.com\/blog\/#organization"},"image":{"@id":"https:\/\/www.clic-formalites.com\/blog\/start-up-nation-macron-marche-numerique\/#primaryimage"},"thumbnailUrl":"https:\/\/www.clic-formalites.com\/blog\/wp-content\/uploads\/2017\/08\/017.png","articleSection":["Guide de l'Entrepreneur","Nouvelles R\u00e9formes"],"inLanguage":"fr-FR"},{"@type":"WebPage","@id":"https:\/\/www.clic-formalites.com\/blog\/start-up-nation-macron-marche-numerique\/","url":"https:\/\/www.clic-formalites.com\/blog\/start-up-nation-macron-marche-numerique\/","name":"Start-up Nation : Macron en Marche Num\u00e9rique !","isPartOf":{"@id":"https:\/\/www.clic-formalites.com\/blog\/#website"},"primaryImageOfPage":{"@id":"https:\/\/www.clic-formalites.com\/blog\/start-up-nation-macron-marche-numerique\/#primaryimage"},"image":{"@id":"https:\/\/www.clic-formalites.com\/blog\/start-up-nation-macron-marche-numerique\/#primaryimage"},"thumbnailUrl":"https:\/\/www.clic-formalites.com\/blog\/wp-content\/uploads\/2017\/08\/017.png","datePublished":"2017-08-02T09:40:41+00:00","dateModified":"2026-03-10T14:55:01+00:00","description":"Quelles sont les mesures pr\u00e9vues par Emmanuel Macron pour faire de la France une start-up nation et attirer les entrepreneurs du num\u00e9rique ?","breadcrumb":{"@id":"https:\/\/www.clic-formalites.com\/blog\/start-up-nation-macron-marche-numerique\/#breadcrumb"},"inLanguage":"fr-FR","potentialAction":[{"@type":"ReadAction","target":["https:\/\/www.clic-formalites.com\/blog\/start-up-nation-macron-marche-numerique\/"]}]},{"@type":"ImageObject","inLanguage":"fr-FR","@id":"https:\/\/www.clic-formalites.com\/blog\/start-up-nation-macron-marche-numerique\/#primaryimage","url":"https:\/\/www.clic-formalites.com\/blog\/wp-content\/uploads\/2017\/08\/017.png","contentUrl":"https:\/\/www.clic-formalites.com\/blog\/wp-content\/uploads\/2017\/08\/017.png","width":1170,"height":700},{"@type":"BreadcrumbList","@id":"https:\/\/www.clic-formalites.com\/blog\/start-up-nation-macron-marche-numerique\/#breadcrumb","itemListElement":[{"@type":"ListItem","position":1,"name":"Accueil","item":"https:\/\/www.clic-formalites.com\/blog\/"},{"@type":"ListItem","position":2,"name":"Start-up Nation : Macron en Marche Num\u00e9rique !"}]},{"@type":"WebSite","@id":"https:\/\/www.clic-formalites.com\/blog\/#website","url":"https:\/\/www.clic-formalites.com\/blog\/","name":"Clic Formalit\u00e9s, Le Blog","description":"","publisher":{"@id":"https:\/\/www.clic-formalites.com\/blog\/#organization"},"potentialAction":[{"@type":"SearchAction","target":{"@type":"EntryPoint","urlTemplate":"https:\/\/www.clic-formalites.com\/blog\/?s={search_term_string}"},"query-input":{"@type":"PropertyValueSpecification","valueRequired":true,"valueName":"search_term_string"}}],"inLanguage":"fr-FR"},{"@type":"Organization","@id":"https:\/\/www.clic-formalites.com\/blog\/#organization","name":"Clic Formalit\u00e9s, Le Blog","url":"https:\/\/www.clic-formalites.com\/blog\/","logo":{"@type":"ImageObject","inLanguage":"fr-FR","@id":"https:\/\/www.clic-formalites.com\/blog\/#\/schema\/logo\/image\/","url":"https:\/\/www.clic-formalites.com\/blog\/wp-content\/uploads\/2026\/01\/clic-logo.png","contentUrl":"https:\/\/www.clic-formalites.com\/blog\/wp-content\/uploads\/2026\/01\/clic-logo.png","width":884,"height":329,"caption":"Clic Formalit\u00e9s, Le Blog"},"image":{"@id":"https:\/\/www.clic-formalites.com\/blog\/#\/schema\/logo\/image\/"},"sameAs":["https:\/\/www.facebook.com\/search\/top?q=clicformalits","https:\/\/www.linkedin.com\/company\/clic-formalits\/posts\/?feedView=all"]},{"@type":"Person","@id":"https:\/\/www.clic-formalites.com\/blog\/#\/schema\/person\/0a5af902de850798958dcc5ec7a60293","name":"Doriane S.","image":{"@type":"ImageObject","inLanguage":"fr-FR","@id":"https:\/\/secure.gravatar.com\/avatar\/d6e9a8743b1659d0e2554de64a478a08aa5d2eed9e44b7b6a27bba7301ce3f71?s=96&d=mm&r=g","url":"https:\/\/secure.gravatar.com\/avatar\/d6e9a8743b1659d0e2554de64a478a08aa5d2eed9e44b7b6a27bba7301ce3f71?s=96&d=mm&r=g","contentUrl":"https:\/\/secure.gravatar.com\/avatar\/d6e9a8743b1659d0e2554de64a478a08aa5d2eed9e44b7b6a27bba7301ce3f71?s=96&d=mm&r=g","caption":"Doriane S."},"url":"https:\/\/www.clic-formalites.com\/blog\/author\/doriane\/"}]}},"_links":{"self":[{"href":"https:\/\/www.clic-formalites.com\/blog\/wp-json\/wp\/v2\/posts\/495","targetHints":{"allow":["GET"]}}],"collection":[{"href":"https:\/\/www.clic-formalites.com\/blog\/wp-json\/wp\/v2\/posts"}],"about":[{"href":"https:\/\/www.clic-formalites.com\/blog\/wp-json\/wp\/v2\/types\/post"}],"author":[{"embeddable":true,"href":"https:\/\/www.clic-formalites.com\/blog\/wp-json\/wp\/v2\/users\/9"}],"replies":[{"embeddable":true,"href":"https:\/\/www.clic-formalites.com\/blog\/wp-json\/wp\/v2\/comments?post=495"}],"version-history":[{"count":2,"href":"https:\/\/www.clic-formalites.com\/blog\/wp-json\/wp\/v2\/posts\/495\/revisions"}],"predecessor-version":[{"id":1422,"href":"https:\/\/www.clic-formalites.com\/blog\/wp-json\/wp\/v2\/posts\/495\/revisions\/1422"}],"wp:featuredmedia":[{"embeddable":true,"href":"https:\/\/www.clic-formalites.com\/blog\/wp-json\/wp\/v2\/media\/726"}],"wp:attachment":[{"href":"https:\/\/www.clic-formalites.com\/blog\/wp-json\/wp\/v2\/media?parent=495"}],"wp:term":[{"taxonomy":"category","embeddable":true,"href":"https:\/\/www.clic-formalites.com\/blog\/wp-json\/wp\/v2\/categories?post=495"},{"taxonomy":"post_tag","embeddable":true,"href":"https:\/\/www.clic-formalites.com\/blog\/wp-json\/wp\/v2\/tags?post=495"}],"curies":[{"name":"wp","href":"https:\/\/api.w.org\/{rel}","templated":true}]}}