{"id":1848,"date":"2026-04-16T11:44:37","date_gmt":"2026-04-16T10:44:37","guid":{"rendered":"https:\/\/www.clic-formalites.com\/blog\/?p=1848"},"modified":"2026-04-16T11:44:53","modified_gmt":"2026-04-16T10:44:53","slug":"mandat-social-contrat-de-travail-requalification","status":"publish","type":"post","link":"https:\/\/www.clic-formalites.com\/blog\/mandat-social-contrat-de-travail-requalification\/","title":{"rendered":"Cumuler mandat social et contrat de travail : dans quels cas est-ce possible sans risque de requalification ?"},"content":{"rendered":"\n<p>Le cumul entre mandat social et contrat de travail peut s\u2019av\u00e9rer utile, notamment pour s\u00e9curiser la couverture sociale d\u2019un dirigeant ou reconna\u00eetre de v\u00e9ritables fonctions techniques dans l\u2019entreprise. Toutefois, ce montage reste valable uniquement s\u2019il refl\u00e8te une r\u00e9alit\u00e9 juridique et op\u00e9rationnelle ; sinon, on risque une requalification ou une remise en cause du contrat de travail.<\/p>\n\n\n\n<p><\/p>\n\n\n<ol class=\"simpletoc-list\">\n<li><a href=\"#le-principe-du-cumul\">Le principe du cumul<\/a>\n\n<\/li>\n<li><a href=\"#les-conditions-indispensables\">Les conditions indispensables<\/a>\n\n<\/li>\n<li><a href=\"#quand-le-cumul-est-le-plus-solide\">Quand le cumul est le plus solide<\/a>\n\n<\/li>\n<li><a href=\"#les-situations-a-risque\">Les situations \u00e0 risque<\/a>\n\n<\/li>\n<li><a href=\"#les-bons-reflexes-pour-securiser-le-cumul\">Les bons r\u00e9flexes pour s\u00e9curiser le cumul<\/a>\n\n<\/li>\n<li><a href=\"#en-pratique\">En pratique<\/a>\n<\/li><\/ol>\n\n<h2 class=\"wp-block-heading\" id=\"le-principe-du-cumul\">Le principe du cumul<\/h2>\n\n\n<p>Un dirigeant peut, dans certains cas, cumuler un mandat social et un contrat de travail au sein de la m\u00eame soci\u00e9t\u00e9. Le mandat social correspond \u00e0 la direction et \u00e0 la repr\u00e9sentation de l\u2019entreprise, tandis que le contrat de travail implique un emploi distinct, une r\u00e9mun\u00e9ration sp\u00e9cifique et un lien de subordination.<\/p>\n\n\n\n<p>Ainsi, le cumul n\u2019est pas interdit en soi. Cependant, il ne fonctionne que si les deux fonctions restent r\u00e9ellement distinctes dans les faits.<\/p>\n\n\n<h2 class=\"wp-block-heading\" id=\"les-conditions-indispensables\">Les conditions indispensables<\/h2>\n\n\n<p>Pour \u00e9viter tout risque de requalification, plusieurs conditions doivent \u00eatre respect\u00e9es.<\/p>\n\n\n\n<p>D\u2019abord, les fonctions salari\u00e9es doivent se distinguer clairement des fonctions de direction. Ensuite, le dirigeant doit exercer un travail effectif, avec de r\u00e9elles missions techniques, commerciales, administratives ou op\u00e9rationnelles. De plus, un lien de subordination r\u00e9el doit exister pour les fonctions salari\u00e9es. Par ailleurs, la r\u00e9mun\u00e9ration li\u00e9e au contrat de travail doit rester distincte de celle du mandat social. Enfin, le montage ne doit pas poursuivre un objectif purement artificiel d\u2019optimisation sociale ou juridique.<\/p>\n\n\n\n<p>En pratique, un contrat de travail ne peut pas simplement reprendre les missions du mandat social. Au contraire, il faut d\u00e9montrer l\u2019existence de deux r\u00f4les bien s\u00e9par\u00e9s.<\/p>\n\n\n<h2 class=\"wp-block-heading\" id=\"quand-le-cumul-est-le-plus-solide\">Quand le cumul est le plus solide<\/h2>\n\n\n<p>Le cumul appara\u00eet plus cr\u00e9dible dans des structures dot\u00e9es d\u2019une gouvernance organis\u00e9e, avec plusieurs associ\u00e9s ou dirigeants. Dans ce contexte, on distingue plus facilement un mandat de repr\u00e9sentation et une fonction salari\u00e9e identifiable.<\/p>\n\n\n\n<p>\u00c0 l\u2019inverse, dans une petite structure tr\u00e8s centralis\u00e9e, le cumul devient plus fragile. En effet, plus le dirigeant prend seul les d\u00e9cisions, plus il devient difficile d\u2019\u00e9tablir un v\u00e9ritable lien de subordination.<\/p>\n\n\n<h2 class=\"wp-block-heading\" id=\"les-situations-a-risque\">Les situations \u00e0 risque<\/h2>\n\n\n<p>Le risque de requalification augmente dans plusieurs situations.<\/p>\n\n\n\n<p>Par exemple, un contrat de travail trop vague fragilise l\u2019ensemble. De m\u00eame, l\u2019absence de sup\u00e9rieur hi\u00e9rarchique r\u00e9el pose probl\u00e8me. En outre, si les fonctions salari\u00e9es se confondent avec celles du mandat, le cumul perd en cr\u00e9dibilit\u00e9. Par ailleurs, une r\u00e9mun\u00e9ration mal distingu\u00e9e complique l\u2019analyse. Enfin, une structure trop petite rend souvent la s\u00e9paration des r\u00f4les peu convaincante.<\/p>\n\n\n\n<p>Dans ces cas, un juge peut consid\u00e9rer que le contrat de travail n\u2019existe pas r\u00e9ellement ou qu\u2019il ne produit pas les effets attendus. Par cons\u00e9quent, les cons\u00e9quences peuvent \u00eatre lourdes en mati\u00e8re de paie, de cotisations, d\u2019indemnit\u00e9s ou de rupture.<\/p>\n\n\n<h2 class=\"wp-block-heading\" id=\"les-bons-reflexes-pour-securiser-le-cumul\">Les bons r\u00e9flexes pour s\u00e9curiser le cumul<\/h2>\n\n\n<p>Pour limiter les risques, il convient de structurer le dispositif d\u00e8s le d\u00e9part.<\/p>\n\n\n\n<p>D\u2019abord, r\u00e9digez un contrat de travail pr\u00e9cis avec des missions clairement d\u00e9finies. Ensuite, identifiez clairement le rattachement hi\u00e9rarchique du dirigeant salari\u00e9. De plus, s\u00e9parez nettement la r\u00e9mun\u00e9ration du mandat et celle du contrat de travail. Par ailleurs, conservez des preuves du travail effectif et de la subordination. Enfin, r\u00e9\u00e9valuez r\u00e9guli\u00e8rement la situation si la gouvernance \u00e9volue.<\/p>\n\n\n\n<p>Il reste \u00e9galement pertinent de v\u00e9rifier que le cumul demeure coh\u00e9rent avec la taille de l\u2019entreprise, son organisation interne et le r\u00f4le concret du dirigeant.<\/p>\n\n\n<h2 class=\"wp-block-heading\" id=\"en-pratique\">En pratique<\/h2>\n\n\n<p>Le cumul mandat social et contrat de travail peut constituer une solution pertinente, \u00e0 condition qu\u2019il repose sur une r\u00e9alit\u00e9 tangible. En revanche, d\u00e8s que le contrat de travail sert uniquement d\u2019habillage au mandat, le risque de requalification augmente fortement.<\/p>\n\n\n\n<p>Ainsi, il faut distinguer clairement les fonctions, documenter la subordination et \u00e9viter les montages artificiels. Bien encadr\u00e9, le cumul apporte de la s\u00e9curit\u00e9 ; mal structur\u00e9, il fragilise la soci\u00e9t\u00e9.<\/p>\n\n\n\n<hr class=\"wp-block-separator has-alpha-channel-opacity\"\/>\n\n\n\n<p><strong>Ces articles pourraient aussi vous int\u00e9resser :<\/strong><\/p>\n\n\n\n<p><a href=\"https:\/\/www.clic-formalites.com\/blog\/integrer-un-cadre-associe-au-capital\/\" target=\"_blank\" rel=\"noreferrer noopener\">Int\u00e9grer un cadre associ\u00e9 au capital : clauses \u00e0 pr\u00e9voir dans le contrat de travail et les statuts<\/a><\/p>\n\n\n\n<p><a href=\"https:\/\/www.clic-formalites.com\/blog\/rupture-contrat-travail-dirigeant-salarie\/\" target=\"_blank\" rel=\"noreferrer noopener\">Rupture du contrat de travail d\u2019un dirigeant salari\u00e9 : quelles s\u00e9curisations pr\u00e9voir pour la soci\u00e9t\u00e9 ?<\/a><\/p>\n","protected":false},"excerpt":{"rendered":"<p>Le cumul entre mandat social et contrat de travail peut s&rsquo;av&eacute;rer utile, notamment pour s&eacute;curiser la couverture sociale d&rsquo;un dirigeant ou reconna&icirc;tre de v&eacute;ritables fonctions techniques dans l&rsquo;entreprise. Toutefois, ce montage reste valable uniquement s&rsquo;il refl&egrave;te une r&eacute;alit&eacute; juridique et op&eacute;rationnelle ; sinon, on risque une requalification ou une remise en cause du contrat de [&hellip;]<\/p>\n","protected":false},"author":13,"featured_media":1850,"comment_status":"closed","ping_status":"open","sticky":false,"template":"","format":"standard","meta":{"footnotes":""},"categories":[2,51],"tags":[],"class_list":["post-1848","post","type-post","status-publish","format-standard","has-post-thumbnail","hentry","category-actualites","category-les-dossiers"],"yoast_head":"<!-- This site is optimized with the Yoast SEO plugin v27.4 - https:\/\/yoast.com\/product\/yoast-seo-wordpress\/ -->\n<title>Cumuler mandat social et contrat de travail ?<\/title>\n<meta name=\"description\" content=\"Le cumul entre mandat social et contrat de travail peut s\u2019av\u00e9rer utile, mais voici ce qu&#039;il faut savoir pour \u00e9viter la requalification.\" \/>\n<meta name=\"robots\" content=\"index, follow, max-snippet:-1, max-image-preview:large, max-video-preview:-1\" \/>\n<link rel=\"canonical\" href=\"https:\/\/www.clic-formalites.com\/blog\/mandat-social-contrat-de-travail-requalification\/\" \/>\n<meta property=\"og:locale\" content=\"fr_FR\" \/>\n<meta property=\"og:type\" content=\"article\" \/>\n<meta property=\"og:title\" content=\"Cumuler mandat social et contrat de travail ?\" \/>\n<meta property=\"og:description\" content=\"Le cumul entre mandat social et contrat de travail peut s\u2019av\u00e9rer utile, mais voici ce qu&#039;il faut savoir pour \u00e9viter la requalification.\" \/>\n<meta property=\"og:url\" content=\"https:\/\/www.clic-formalites.com\/blog\/mandat-social-contrat-de-travail-requalification\/\" \/>\n<meta property=\"og:site_name\" content=\"Clic Formalit\u00e9s, Le Blog\" \/>\n<meta property=\"article:publisher\" content=\"https:\/\/www.facebook.com\/search\/top?q=clicformalits\" \/>\n<meta property=\"article:published_time\" content=\"2026-04-16T10:44:37+00:00\" \/>\n<meta property=\"article:modified_time\" content=\"2026-04-16T10:44:53+00:00\" \/>\n<meta property=\"og:image\" content=\"https:\/\/www.clic-formalites.com\/blog\/wp-content\/uploads\/2026\/04\/dimitri-karastelev-ZH4FUYiaczY-unsplash-scaled.jpg\" \/>\n\t<meta property=\"og:image:width\" content=\"2560\" \/>\n\t<meta property=\"og:image:height\" content=\"1707\" \/>\n\t<meta property=\"og:image:type\" content=\"image\/jpeg\" \/>\n<meta name=\"author\" content=\"ewan\" \/>\n<meta name=\"twitter:card\" content=\"summary_large_image\" \/>\n<meta name=\"twitter:label1\" content=\"\u00c9crit par\" \/>\n\t<meta name=\"twitter:data1\" content=\"ewan\" \/>\n\t<meta name=\"twitter:label2\" content=\"Dur\u00e9e de lecture estim\u00e9e\" \/>\n\t<meta name=\"twitter:data2\" content=\"4 minutes\" \/>\n<script type=\"application\/ld+json\" class=\"yoast-schema-graph\">{\"@context\":\"https:\\\/\\\/schema.org\",\"@graph\":[{\"@type\":[\"Article\",\"BlogPosting\"],\"@id\":\"https:\\\/\\\/www.clic-formalites.com\\\/blog\\\/mandat-social-contrat-de-travail-requalification\\\/#article\",\"isPartOf\":{\"@id\":\"https:\\\/\\\/www.clic-formalites.com\\\/blog\\\/mandat-social-contrat-de-travail-requalification\\\/\"},\"author\":{\"name\":\"ewan\",\"@id\":\"https:\\\/\\\/www.clic-formalites.com\\\/blog\\\/#\\\/schema\\\/person\\\/d1f15c484a663ec5009e83ae26bca506\"},\"headline\":\"Cumuler mandat social et contrat de travail : dans quels cas est-ce possible sans risque de requalification ?\",\"datePublished\":\"2026-04-16T10:44:37+00:00\",\"dateModified\":\"2026-04-16T10:44:53+00:00\",\"mainEntityOfPage\":{\"@id\":\"https:\\\/\\\/www.clic-formalites.com\\\/blog\\\/mandat-social-contrat-de-travail-requalification\\\/\"},\"wordCount\":755,\"publisher\":{\"@id\":\"https:\\\/\\\/www.clic-formalites.com\\\/blog\\\/#organization\"},\"image\":{\"@id\":\"https:\\\/\\\/www.clic-formalites.com\\\/blog\\\/mandat-social-contrat-de-travail-requalification\\\/#primaryimage\"},\"thumbnailUrl\":\"https:\\\/\\\/www.clic-formalites.com\\\/blog\\\/wp-content\\\/uploads\\\/2026\\\/04\\\/dimitri-karastelev-ZH4FUYiaczY-unsplash-scaled.jpg\",\"articleSection\":[\"Actualit\u00e9s\",\"Les Dossiers\"],\"inLanguage\":\"fr-FR\"},{\"@type\":\"WebPage\",\"@id\":\"https:\\\/\\\/www.clic-formalites.com\\\/blog\\\/mandat-social-contrat-de-travail-requalification\\\/\",\"url\":\"https:\\\/\\\/www.clic-formalites.com\\\/blog\\\/mandat-social-contrat-de-travail-requalification\\\/\",\"name\":\"Cumuler mandat social et contrat de travail ?\",\"isPartOf\":{\"@id\":\"https:\\\/\\\/www.clic-formalites.com\\\/blog\\\/#website\"},\"primaryImageOfPage\":{\"@id\":\"https:\\\/\\\/www.clic-formalites.com\\\/blog\\\/mandat-social-contrat-de-travail-requalification\\\/#primaryimage\"},\"image\":{\"@id\":\"https:\\\/\\\/www.clic-formalites.com\\\/blog\\\/mandat-social-contrat-de-travail-requalification\\\/#primaryimage\"},\"thumbnailUrl\":\"https:\\\/\\\/www.clic-formalites.com\\\/blog\\\/wp-content\\\/uploads\\\/2026\\\/04\\\/dimitri-karastelev-ZH4FUYiaczY-unsplash-scaled.jpg\",\"datePublished\":\"2026-04-16T10:44:37+00:00\",\"dateModified\":\"2026-04-16T10:44:53+00:00\",\"description\":\"Le cumul entre mandat social et contrat de travail peut s\u2019av\u00e9rer utile, mais voici ce qu'il faut savoir pour \u00e9viter la requalification.\",\"breadcrumb\":{\"@id\":\"https:\\\/\\\/www.clic-formalites.com\\\/blog\\\/mandat-social-contrat-de-travail-requalification\\\/#breadcrumb\"},\"inLanguage\":\"fr-FR\",\"potentialAction\":[{\"@type\":\"ReadAction\",\"target\":[\"https:\\\/\\\/www.clic-formalites.com\\\/blog\\\/mandat-social-contrat-de-travail-requalification\\\/\"]}]},{\"@type\":\"ImageObject\",\"inLanguage\":\"fr-FR\",\"@id\":\"https:\\\/\\\/www.clic-formalites.com\\\/blog\\\/mandat-social-contrat-de-travail-requalification\\\/#primaryimage\",\"url\":\"https:\\\/\\\/www.clic-formalites.com\\\/blog\\\/wp-content\\\/uploads\\\/2026\\\/04\\\/dimitri-karastelev-ZH4FUYiaczY-unsplash-scaled.jpg\",\"contentUrl\":\"https:\\\/\\\/www.clic-formalites.com\\\/blog\\\/wp-content\\\/uploads\\\/2026\\\/04\\\/dimitri-karastelev-ZH4FUYiaczY-unsplash-scaled.jpg\",\"width\":2560,\"height\":1707},{\"@type\":\"BreadcrumbList\",\"@id\":\"https:\\\/\\\/www.clic-formalites.com\\\/blog\\\/mandat-social-contrat-de-travail-requalification\\\/#breadcrumb\",\"itemListElement\":[{\"@type\":\"ListItem\",\"position\":1,\"name\":\"Accueil\",\"item\":\"https:\\\/\\\/www.clic-formalites.com\\\/blog\\\/\"},{\"@type\":\"ListItem\",\"position\":2,\"name\":\"Cumuler mandat social et contrat de travail : dans quels cas est-ce possible sans risque de requalification ?\"}]},{\"@type\":\"WebSite\",\"@id\":\"https:\\\/\\\/www.clic-formalites.com\\\/blog\\\/#website\",\"url\":\"https:\\\/\\\/www.clic-formalites.com\\\/blog\\\/\",\"name\":\"Clic Formalit\u00e9s, Le Blog\",\"description\":\"\",\"publisher\":{\"@id\":\"https:\\\/\\\/www.clic-formalites.com\\\/blog\\\/#organization\"},\"potentialAction\":[{\"@type\":\"SearchAction\",\"target\":{\"@type\":\"EntryPoint\",\"urlTemplate\":\"https:\\\/\\\/www.clic-formalites.com\\\/blog\\\/?s={search_term_string}\"},\"query-input\":{\"@type\":\"PropertyValueSpecification\",\"valueRequired\":true,\"valueName\":\"search_term_string\"}}],\"inLanguage\":\"fr-FR\"},{\"@type\":\"Organization\",\"@id\":\"https:\\\/\\\/www.clic-formalites.com\\\/blog\\\/#organization\",\"name\":\"Clic Formalit\u00e9s, Le Blog\",\"url\":\"https:\\\/\\\/www.clic-formalites.com\\\/blog\\\/\",\"logo\":{\"@type\":\"ImageObject\",\"inLanguage\":\"fr-FR\",\"@id\":\"https:\\\/\\\/www.clic-formalites.com\\\/blog\\\/#\\\/schema\\\/logo\\\/image\\\/\",\"url\":\"https:\\\/\\\/www.clic-formalites.com\\\/blog\\\/wp-content\\\/uploads\\\/2026\\\/01\\\/clic-logo.png\",\"contentUrl\":\"https:\\\/\\\/www.clic-formalites.com\\\/blog\\\/wp-content\\\/uploads\\\/2026\\\/01\\\/clic-logo.png\",\"width\":884,\"height\":329,\"caption\":\"Clic Formalit\u00e9s, Le Blog\"},\"image\":{\"@id\":\"https:\\\/\\\/www.clic-formalites.com\\\/blog\\\/#\\\/schema\\\/logo\\\/image\\\/\"},\"sameAs\":[\"https:\\\/\\\/www.facebook.com\\\/search\\\/top?q=clicformalits\",\"https:\\\/\\\/www.linkedin.com\\\/company\\\/clic-formalits\\\/posts\\\/?feedView=all\"]},{\"@type\":\"Person\",\"@id\":\"https:\\\/\\\/www.clic-formalites.com\\\/blog\\\/#\\\/schema\\\/person\\\/d1f15c484a663ec5009e83ae26bca506\",\"name\":\"ewan\",\"image\":{\"@type\":\"ImageObject\",\"inLanguage\":\"fr-FR\",\"@id\":\"https:\\\/\\\/secure.gravatar.com\\\/avatar\\\/86acc608068396c481d41cf847369f82be80fd38d49bed4dd8705cfe14b2fadc?s=96&d=mm&r=g\",\"url\":\"https:\\\/\\\/secure.gravatar.com\\\/avatar\\\/86acc608068396c481d41cf847369f82be80fd38d49bed4dd8705cfe14b2fadc?s=96&d=mm&r=g\",\"contentUrl\":\"https:\\\/\\\/secure.gravatar.com\\\/avatar\\\/86acc608068396c481d41cf847369f82be80fd38d49bed4dd8705cfe14b2fadc?s=96&d=mm&r=g\",\"caption\":\"ewan\"},\"url\":\"https:\\\/\\\/www.clic-formalites.com\\\/blog\\\/author\\\/ewan\\\/\"}]}<\/script>\n<!-- \/ Yoast SEO plugin. -->","yoast_head_json":{"title":"Cumuler mandat social et contrat de travail ?","description":"Le cumul entre mandat social et contrat de travail peut s\u2019av\u00e9rer utile, mais voici ce qu'il faut savoir pour \u00e9viter la requalification.","robots":{"index":"index","follow":"follow","max-snippet":"max-snippet:-1","max-image-preview":"max-image-preview:large","max-video-preview":"max-video-preview:-1"},"canonical":"https:\/\/www.clic-formalites.com\/blog\/mandat-social-contrat-de-travail-requalification\/","og_locale":"fr_FR","og_type":"article","og_title":"Cumuler mandat social et contrat de travail ?","og_description":"Le cumul entre mandat social et contrat de travail peut s\u2019av\u00e9rer utile, mais voici ce qu'il faut savoir pour \u00e9viter la requalification.","og_url":"https:\/\/www.clic-formalites.com\/blog\/mandat-social-contrat-de-travail-requalification\/","og_site_name":"Clic Formalit\u00e9s, Le Blog","article_publisher":"https:\/\/www.facebook.com\/search\/top?q=clicformalits","article_published_time":"2026-04-16T10:44:37+00:00","article_modified_time":"2026-04-16T10:44:53+00:00","og_image":[{"width":2560,"height":1707,"url":"https:\/\/www.clic-formalites.com\/blog\/wp-content\/uploads\/2026\/04\/dimitri-karastelev-ZH4FUYiaczY-unsplash-scaled.jpg","type":"image\/jpeg"}],"author":"ewan","twitter_card":"summary_large_image","twitter_misc":{"\u00c9crit par":"ewan","Dur\u00e9e de lecture estim\u00e9e":"4 minutes"},"schema":{"@context":"https:\/\/schema.org","@graph":[{"@type":["Article","BlogPosting"],"@id":"https:\/\/www.clic-formalites.com\/blog\/mandat-social-contrat-de-travail-requalification\/#article","isPartOf":{"@id":"https:\/\/www.clic-formalites.com\/blog\/mandat-social-contrat-de-travail-requalification\/"},"author":{"name":"ewan","@id":"https:\/\/www.clic-formalites.com\/blog\/#\/schema\/person\/d1f15c484a663ec5009e83ae26bca506"},"headline":"Cumuler mandat social et contrat de travail : dans quels cas est-ce possible sans risque de requalification ?","datePublished":"2026-04-16T10:44:37+00:00","dateModified":"2026-04-16T10:44:53+00:00","mainEntityOfPage":{"@id":"https:\/\/www.clic-formalites.com\/blog\/mandat-social-contrat-de-travail-requalification\/"},"wordCount":755,"publisher":{"@id":"https:\/\/www.clic-formalites.com\/blog\/#organization"},"image":{"@id":"https:\/\/www.clic-formalites.com\/blog\/mandat-social-contrat-de-travail-requalification\/#primaryimage"},"thumbnailUrl":"https:\/\/www.clic-formalites.com\/blog\/wp-content\/uploads\/2026\/04\/dimitri-karastelev-ZH4FUYiaczY-unsplash-scaled.jpg","articleSection":["Actualit\u00e9s","Les Dossiers"],"inLanguage":"fr-FR"},{"@type":"WebPage","@id":"https:\/\/www.clic-formalites.com\/blog\/mandat-social-contrat-de-travail-requalification\/","url":"https:\/\/www.clic-formalites.com\/blog\/mandat-social-contrat-de-travail-requalification\/","name":"Cumuler mandat social et contrat de travail ?","isPartOf":{"@id":"https:\/\/www.clic-formalites.com\/blog\/#website"},"primaryImageOfPage":{"@id":"https:\/\/www.clic-formalites.com\/blog\/mandat-social-contrat-de-travail-requalification\/#primaryimage"},"image":{"@id":"https:\/\/www.clic-formalites.com\/blog\/mandat-social-contrat-de-travail-requalification\/#primaryimage"},"thumbnailUrl":"https:\/\/www.clic-formalites.com\/blog\/wp-content\/uploads\/2026\/04\/dimitri-karastelev-ZH4FUYiaczY-unsplash-scaled.jpg","datePublished":"2026-04-16T10:44:37+00:00","dateModified":"2026-04-16T10:44:53+00:00","description":"Le cumul entre mandat social et contrat de travail peut s\u2019av\u00e9rer utile, mais voici ce qu'il faut savoir pour \u00e9viter la requalification.","breadcrumb":{"@id":"https:\/\/www.clic-formalites.com\/blog\/mandat-social-contrat-de-travail-requalification\/#breadcrumb"},"inLanguage":"fr-FR","potentialAction":[{"@type":"ReadAction","target":["https:\/\/www.clic-formalites.com\/blog\/mandat-social-contrat-de-travail-requalification\/"]}]},{"@type":"ImageObject","inLanguage":"fr-FR","@id":"https:\/\/www.clic-formalites.com\/blog\/mandat-social-contrat-de-travail-requalification\/#primaryimage","url":"https:\/\/www.clic-formalites.com\/blog\/wp-content\/uploads\/2026\/04\/dimitri-karastelev-ZH4FUYiaczY-unsplash-scaled.jpg","contentUrl":"https:\/\/www.clic-formalites.com\/blog\/wp-content\/uploads\/2026\/04\/dimitri-karastelev-ZH4FUYiaczY-unsplash-scaled.jpg","width":2560,"height":1707},{"@type":"BreadcrumbList","@id":"https:\/\/www.clic-formalites.com\/blog\/mandat-social-contrat-de-travail-requalification\/#breadcrumb","itemListElement":[{"@type":"ListItem","position":1,"name":"Accueil","item":"https:\/\/www.clic-formalites.com\/blog\/"},{"@type":"ListItem","position":2,"name":"Cumuler mandat social et contrat de travail : dans quels cas est-ce possible sans risque de requalification ?"}]},{"@type":"WebSite","@id":"https:\/\/www.clic-formalites.com\/blog\/#website","url":"https:\/\/www.clic-formalites.com\/blog\/","name":"Clic Formalit\u00e9s, Le Blog","description":"","publisher":{"@id":"https:\/\/www.clic-formalites.com\/blog\/#organization"},"potentialAction":[{"@type":"SearchAction","target":{"@type":"EntryPoint","urlTemplate":"https:\/\/www.clic-formalites.com\/blog\/?s={search_term_string}"},"query-input":{"@type":"PropertyValueSpecification","valueRequired":true,"valueName":"search_term_string"}}],"inLanguage":"fr-FR"},{"@type":"Organization","@id":"https:\/\/www.clic-formalites.com\/blog\/#organization","name":"Clic Formalit\u00e9s, Le Blog","url":"https:\/\/www.clic-formalites.com\/blog\/","logo":{"@type":"ImageObject","inLanguage":"fr-FR","@id":"https:\/\/www.clic-formalites.com\/blog\/#\/schema\/logo\/image\/","url":"https:\/\/www.clic-formalites.com\/blog\/wp-content\/uploads\/2026\/01\/clic-logo.png","contentUrl":"https:\/\/www.clic-formalites.com\/blog\/wp-content\/uploads\/2026\/01\/clic-logo.png","width":884,"height":329,"caption":"Clic Formalit\u00e9s, Le Blog"},"image":{"@id":"https:\/\/www.clic-formalites.com\/blog\/#\/schema\/logo\/image\/"},"sameAs":["https:\/\/www.facebook.com\/search\/top?q=clicformalits","https:\/\/www.linkedin.com\/company\/clic-formalits\/posts\/?feedView=all"]},{"@type":"Person","@id":"https:\/\/www.clic-formalites.com\/blog\/#\/schema\/person\/d1f15c484a663ec5009e83ae26bca506","name":"ewan","image":{"@type":"ImageObject","inLanguage":"fr-FR","@id":"https:\/\/secure.gravatar.com\/avatar\/86acc608068396c481d41cf847369f82be80fd38d49bed4dd8705cfe14b2fadc?s=96&d=mm&r=g","url":"https:\/\/secure.gravatar.com\/avatar\/86acc608068396c481d41cf847369f82be80fd38d49bed4dd8705cfe14b2fadc?s=96&d=mm&r=g","contentUrl":"https:\/\/secure.gravatar.com\/avatar\/86acc608068396c481d41cf847369f82be80fd38d49bed4dd8705cfe14b2fadc?s=96&d=mm&r=g","caption":"ewan"},"url":"https:\/\/www.clic-formalites.com\/blog\/author\/ewan\/"}]}},"_links":{"self":[{"href":"https:\/\/www.clic-formalites.com\/blog\/wp-json\/wp\/v2\/posts\/1848","targetHints":{"allow":["GET"]}}],"collection":[{"href":"https:\/\/www.clic-formalites.com\/blog\/wp-json\/wp\/v2\/posts"}],"about":[{"href":"https:\/\/www.clic-formalites.com\/blog\/wp-json\/wp\/v2\/types\/post"}],"author":[{"embeddable":true,"href":"https:\/\/www.clic-formalites.com\/blog\/wp-json\/wp\/v2\/users\/13"}],"replies":[{"embeddable":true,"href":"https:\/\/www.clic-formalites.com\/blog\/wp-json\/wp\/v2\/comments?post=1848"}],"version-history":[{"count":3,"href":"https:\/\/www.clic-formalites.com\/blog\/wp-json\/wp\/v2\/posts\/1848\/revisions"}],"predecessor-version":[{"id":1856,"href":"https:\/\/www.clic-formalites.com\/blog\/wp-json\/wp\/v2\/posts\/1848\/revisions\/1856"}],"wp:featuredmedia":[{"embeddable":true,"href":"https:\/\/www.clic-formalites.com\/blog\/wp-json\/wp\/v2\/media\/1850"}],"wp:attachment":[{"href":"https:\/\/www.clic-formalites.com\/blog\/wp-json\/wp\/v2\/media?parent=1848"}],"wp:term":[{"taxonomy":"category","embeddable":true,"href":"https:\/\/www.clic-formalites.com\/blog\/wp-json\/wp\/v2\/categories?post=1848"},{"taxonomy":"post_tag","embeddable":true,"href":"https:\/\/www.clic-formalites.com\/blog\/wp-json\/wp\/v2\/tags?post=1848"}],"curies":[{"name":"wp","href":"https:\/\/api.w.org\/{rel}","templated":true}]}}