{"id":1810,"date":"2026-04-02T11:44:55","date_gmt":"2026-04-02T10:44:55","guid":{"rendered":"https:\/\/www.clic-formalites.com\/blog\/?p=1810"},"modified":"2026-04-09T14:54:49","modified_gmt":"2026-04-09T13:54:49","slug":"transformation-sarl-sas","status":"publish","type":"post","link":"https:\/\/www.clic-formalites.com\/blog\/transformation-sarl-sas\/","title":{"rendered":"Transformation de SARL en SAS : check-list juridique et calendrier pratique pour le dirigeant de TPE\/PME"},"content":{"rendered":"\n<div class=\"wp-block-columns is-layout-flex wp-container-core-columns-is-layout-28f84493 wp-block-columns-is-layout-flex\">\n<div class=\"wp-block-column is-layout-flow wp-block-column-is-layout-flow\" style=\"flex-basis:75%\">\n<p>Passer de SARL \u00e0 SAS constitue souvent une \u00e9tape strat\u00e9gique : la structure devient plus souple, plus lisible pour les investisseurs et mieux adapt\u00e9e \u00e0 une croissance organis\u00e9e. Toutefois, pour s\u00e9curiser l\u2019op\u00e9ration, il faut suivre une m\u00e9thode pr\u00e9cise, depuis le diagnostic pr\u00e9alable jusqu\u2019\u00e0 la mise \u00e0 jour du Kbis.<\/p>\n\n\n\n<p><\/p>\n\n\n<ol class=\"simpletoc-list\">\n<li><a href=\"#pourquoi-transformer-sa-sarl-en-sas\">Pourquoi transformer sa SARL en SAS ?<\/a>\n\n<\/li>\n<li><a href=\"#les-conditions-a-verifier-avant-de-lancer-loperation\">Les conditions \u00e0 v\u00e9rifier avant de lancer l\u2019op\u00e9ration<\/a>\n\n<\/li>\n<li><a href=\"#la-checklist-juridique\">La check-list juridique<\/a>\n\n\n<\/li>\n\n<\/li>\n\n<\/li>\n\n<\/li>\n\n<\/li>\n\n<li><a href=\"#calendrier-pratique-recommande\">Calendrier pratique recommand\u00e9<\/a>\n\n<\/li>\n<li><a href=\"#les-points-de-vigilance-a-ne-pas-negliger\">Les points de vigilance \u00e0 ne pas n\u00e9gliger<\/a>\n\n<\/li>\n<li><a href=\"#une-operation-de-simplification-a-condition-detre-bien-preparee\">Une op\u00e9ration de simplification\u2026 \u00e0 condition d\u2019\u00eatre bien pr\u00e9par\u00e9e<\/a>\n\n\n<\/li>\n<\/li>\n<\/ol>\n<\/li><\/ol>\n\n<h2 class=\"wp-block-heading\" id=\"pourquoi-transformer-sa-sarl-en-sas\">Pourquoi transformer sa SARL en SAS ?<\/h2>\n\n\n<p>La transformation en SAS s\u00e9duit fr\u00e9quemment les dirigeants de TPE\/PME pour trois raisons principales : la libert\u00e9 statutaire, la facilit\u00e9 d\u2019entr\u00e9e de nouveaux associ\u00e9s et une gouvernance plus modulable. En effet, la SAS permet de construire des r\u00e8gles sur mesure, alors que la SARL reste davantage encadr\u00e9e.<\/p>\n\n\n\n<p>Par ailleurs, les investisseurs, partenaires financiers et futurs repreneurs comprennent g\u00e9n\u00e9ralement mieux ce format. Ainsi, pour une entreprise en phase de d\u00e9veloppement, cette souplesse devient un v\u00e9ritable levier de croissance.<\/p>\n\n\n\n<p><\/p>\n\n\n<h2 class=\"wp-block-heading\" id=\"les-conditions-a-verifier-avant-de-lancer-loperation\">Les conditions \u00e0 v\u00e9rifier avant de lancer l\u2019op\u00e9ration<\/h2>\n\n\n<p>Avant de d\u00e9marrer, il convient de v\u00e9rifier que la SARL remplit bien les conditions de transformation. Concr\u00e8tement, la soci\u00e9t\u00e9 doit \u00eatre immatricul\u00e9e au RCS, justifier d\u2019une certaine anciennet\u00e9 dans certains cas, et pr\u00e9senter une situation patrimoniale suffisamment solide.<\/p>\n\n\n\n<p>De plus, il est essentiel de contr\u00f4ler la lib\u00e9ration du capital : les apports en num\u00e9raire doivent avoir \u00e9t\u00e9 lib\u00e9r\u00e9s conform\u00e9ment aux exigences l\u00e9gales. Si la situation comptable pr\u00e9sente des fragilit\u00e9s, il est pr\u00e9f\u00e9rable de la r\u00e9gulariser en amont plut\u00f4t que d\u2019engager une transformation risqu\u00e9e.<\/p>\n\n\n\n<p><\/p>\n\n\n<h2 class=\"wp-block-heading\" id=\"la-checklist-juridique\">La check-list juridique<\/h2>\n\n<h3 class=\"wp-block-heading\" id=\"1-verifier-la-situation-comptable-et-juridique\">1. V\u00e9rifier la situation comptable et juridique<\/h3>\n\n\n<p>Dans un premier temps, il faut r\u00e9aliser un \u00e9tat des lieux complet des comptes, du capital et des engagements. L\u2019objectif consiste \u00e0 s\u2019assurer que la transformation ne dissimule pas une difficult\u00e9 structurelle.<\/p>\n\n\n\n<p>Ensuite, il est recommand\u00e9 de relire les statuts existants ainsi que les d\u00e9cisions pass\u00e9es afin d\u2019identifier d\u2019\u00e9ventuelles clauses incompatibles avec une SAS. Un historique juridique clair facilite consid\u00e9rablement la suite du processus.<\/p>\n\n\n<h3 class=\"wp-block-heading\" id=\"2-nommer-un-commissaire-a-la-transformation\">2. Nommer un commissaire \u00e0 la transformation<\/h3>\n\n\n<p>Lorsque la soci\u00e9t\u00e9 ne dispose pas d\u2019un commissaire aux comptes, elle doit d\u00e9signer un commissaire \u00e0 la transformation. Celui-ci \u00e9value la situation patrimoniale et v\u00e9rifie la coh\u00e9rence de l\u2019op\u00e9ration.<\/p>\n\n\n\n<p>Son rapport constitue une pi\u00e8ce essentielle du dossier. Par cons\u00e9quent, il est judicieux d\u2019anticiper sa nomination, car son intervention conditionne les \u00e9tapes suivantes.<\/p>\n\n\n<h3 class=\"wp-block-heading\" id=\"3-repenser-entierement-les-statuts\">3. Repenser enti\u00e8rement les statuts<\/h3>\n\n\n<p>Ensuite, il convient de refondre int\u00e9gralement les statuts. En effet, la SAS repose sur une libert\u00e9 statutaire beaucoup plus large que la SARL.<\/p>\n\n\n\n<p>\u00c0 ce stade, il faut organiser la direction, d\u00e9finir les pouvoirs, fixer les r\u00e8gles de d\u00e9cision et, si n\u00e9cessaire, pr\u00e9voir les m\u00e9canismes d\u2019entr\u00e9e et de sortie des associ\u00e9s. C\u2019est \u00e9galement le moment de s\u00e9curiser la gouvernance : pouvoirs du pr\u00e9sident, clauses d\u2019agr\u00e9ment, de pr\u00e9emption, majorit\u00e9s renforc\u00e9es ou modalit\u00e9s de prise de d\u00e9cision.<\/p>\n\n\n\n<p>Ainsi, une transformation r\u00e9ussie ne se limite pas \u00e0 un simple changement de forme juridique : elle implique une v\u00e9ritable refonte organisationnelle.<\/p>\n\n\n<h3 class=\"wp-block-heading\" id=\"4-preparer-lassemblee-generale-extraordinaire\">4. Pr\u00e9parer l\u2019assembl\u00e9e g\u00e9n\u00e9rale extraordinaire<\/h3>\n\n\n<p>Par la suite, les associ\u00e9s doivent approuver la transformation lors d\u2019une assembl\u00e9e g\u00e9n\u00e9rale extraordinaire. Le proc\u00e8s-verbal doit constater la d\u00e9cision, adopter les nouveaux statuts et nommer le pr\u00e9sident de la SAS.<\/p>\n\n\n\n<p>Avant cela, il est indispensable de v\u00e9rifier les r\u00e8gles de majorit\u00e9 pr\u00e9vues dans les statuts de la SARL. En effet, une erreur \u00e0 ce stade peut fragiliser l\u2019ensemble de l\u2019op\u00e9ration.<\/p>\n\n\n<h3 class=\"wp-block-heading\" id=\"5-publier-une-annonce-legale\">5. Publier une annonce l\u00e9gale<\/h3>\n\n\n<p>Ensuite, la soci\u00e9t\u00e9 doit publier une annonce l\u00e9gale afin d\u2019informer les tiers et de rendre la transformation opposable.<\/p>\n\n\n\n<p>Cette annonce doit mentionner la nouvelle forme sociale ainsi que les informations essentielles de l\u2019entreprise. Elle constitue une \u00e9tape obligatoire pour finaliser le dossier.<\/p>\n\n\n<h3 class=\"wp-block-heading\" id=\"6-deposer-le-dossier-au-guichet-unique\">6. D\u00e9poser le dossier au guichet unique<\/h3>\n\n\n<p>Enfin, il faut d\u00e9poser le dossier de transformation en ligne via le guichet unique. Celui-ci comprend notamment le proc\u00e8s-verbal, les statuts mis \u00e0 jour, le rapport du commissaire \u00e0 la transformation et l\u2019attestation de parution de l\u2019annonce l\u00e9gale.<\/p>\n\n\n\n<p>Cette \u00e9tape finalise la transformation et permet d\u2019obtenir la mise \u00e0 jour du Kbis. Gr\u00e2ce \u00e0 la d\u00e9mat\u00e9rialisation, la proc\u00e9dure devient d\u2019ailleurs plus simple et plus rapide qu\u2019auparavant.<\/p>\n\n\n<h2 class=\"wp-block-heading\" id=\"calendrier-pratique-recommande\">Calendrier pratique recommand\u00e9<\/h2>\n\n\n<p>Voici un calendrier type pour mieux anticiper les d\u00e9lais :<\/p>\n\n\n\n<ul class=\"wp-block-list\">\n<li>Diagnostic juridique et comptable : J-30 \u00e0 J-20<\/li>\n\n\n\n<li>Nomination du commissaire : J-30 \u00e0 J-15<\/li>\n\n\n\n<li>Remise du rapport : J-15 \u00e0 J-8<\/li>\n\n\n\n<li>R\u00e9daction des statuts : en parall\u00e8le<\/li>\n\n\n\n<li>Tenue de l\u2019AGE : J<\/li>\n\n\n\n<li>Signature des documents : J ou J+1<\/li>\n\n\n\n<li>Publication de l\u2019annonce l\u00e9gale : J \u00e0 J+7<\/li>\n\n\n\n<li>D\u00e9p\u00f4t du dossier : d\u00e8s r\u00e9ception des pi\u00e8ces<\/li>\n\n\n\n<li>Mise \u00e0 jour du Kbis : J+quelques jours \u00e0 quelques semaines<\/li>\n<\/ul>\n\n\n\n<p>Ainsi, ce r\u00e9troplanning permet d\u2019absorber efficacement les d\u00e9lais administratifs et r\u00e9dactionnels.<\/p>\n\n\n\n<p><\/p>\n\n\n<h2 class=\"wp-block-heading\" id=\"les-points-de-vigilance-a-ne-pas-negliger\">Les points de vigilance \u00e0 ne pas n\u00e9gliger<\/h2>\n\n\n<p>La transformation peut entra\u00eener des cons\u00e9quences importantes, notamment sur le statut du dirigeant. Par exemple, le passage en SAS modifie souvent le r\u00e9gime social si le g\u00e9rant devient pr\u00e9sident, ce qui impacte directement la r\u00e9mun\u00e9ration et la protection sociale.<\/p>\n\n\n\n<p>En parall\u00e8le, il est n\u00e9cessaire de v\u00e9rifier les conventions bancaires, les contrats strat\u00e9giques, les pactes d\u2019associ\u00e9s et les clauses de changement de contr\u00f4le. Sans cette vigilance, la transformation peut produire des effets ind\u00e9sirables.<\/p>\n\n\n\n<p><\/p>\n\n\n<h2 class=\"wp-block-heading\" id=\"une-operation-de-simplification-a-condition-detre-bien-preparee\">Une op\u00e9ration de simplification\u2026 \u00e0 condition d\u2019\u00eatre bien pr\u00e9par\u00e9e<\/h2>\n\n\n<p>En d\u00e9finitive, transformer une SARL en SAS repr\u00e9sente une excellente opportunit\u00e9 pour accompagner la croissance, accueillir des investisseurs ou moderniser la gouvernance. N\u00e9anmoins, cette r\u00e9ussite repose avant tout sur une pr\u00e9paration rigoureuse.<\/p>\n\n\n\n<p>Autrement dit, la souplesse offerte par la SAS se construit en amont, gr\u00e2ce \u00e0 une refonte juridique solide et coh\u00e9rente.<\/p>\n\n\n\n<p>Clic Formalit\u00e9s se tient \u00e0 votre disposition pour vous accompagne dans cette d\u00e9marche.<\/p>\n\n\n\n<div class=\"wp-block-buttons is-content-justification-center is-layout-flex wp-container-core-buttons-is-layout-a89b3969 wp-block-buttons-is-layout-flex\">\n<div class=\"wp-block-button has-custom-width wp-block-button__width-75\"><a class=\"wp-block-button__link has-light-color has-accent-3-background-color has-text-color has-background has-link-color has-medium-font-size has-custom-font-size wp-element-button\" href=\"https:\/\/www.clic-formalites.com\/gestion-entreprise\/transformation-societe\" style=\"font-style:normal;font-weight:600\" target=\"_blank\" rel=\"noreferrer noopener\">Transformer votre SARL en SAS<\/a><\/div>\n<\/div>\n\n\n\n<hr class=\"wp-block-separator aligncenter has-alpha-channel-opacity\"\/>\n\n\n\n<p><strong>Ces articles pourraient aussi vous int\u00e9resser :<\/strong><\/p>\n\n\n\n<p><a href=\"https:\/\/www.clic-formalites.com\/blog\/comment-rediger-une-modification-de-statuts\/\" target=\"_blank\" rel=\"noreferrer noopener\">Comment r\u00e9diger une modification de statuts ?<\/a><\/p>\n\n\n\n<p><a href=\"https:\/\/www.clic-formalites.com\/blog\/pacte-d-associes-en-sas\/\" target=\"_blank\" rel=\"noreferrer noopener\">Pacte d\u2019associ\u00e9s en SAS : 7 clauses essentielles pour \u00e9viter les blocages<\/a><\/p>\n\n\n\n<p><a href=\"https:\/\/www.clic-formalites.com\/blog\/commissaire-a-la-transformation\/\" target=\"_blank\" rel=\"noreferrer noopener\">Commissaire \u00e0 la transformation : r\u00f4le, obligations, mode d\u2019emploi<\/a><\/p>\n<\/div>\n\n\n\n<div class=\"wp-block-column is-layout-flow wp-block-column-is-layout-flow\" style=\"flex-basis:25%\">\n<div class=\"wp-block-group wp-sticky-element is-vertical is-layout-flex wp-container-core-group-is-layout-fe9cc265 wp-block-group-is-layout-flex\">\n<div class=\"wp-block-group has-dark-color has-text-color has-background has-link-color has-medium-font-size wp-elements-78f8f0dc83bbdf4e43baac5d3f3810d7 has-global-padding is-layout-constrained wp-container-core-group-is-layout-954fedef wp-block-group-is-layout-constrained\" style=\"border-style:none;border-width:0px;border-top-left-radius:13px;border-top-right-radius:13px;border-bottom-left-radius:13px;border-bottom-right-radius:13px;background-color:#f9e1da;margin-top:0;margin-bottom:var(--wp--preset--spacing--20);padding-top:var(--wp--preset--spacing--20);padding-right:var(--wp--preset--spacing--20);padding-bottom:var(--wp--preset--spacing--20);padding-left:var(--wp--preset--spacing--20);box-shadow:none\"><h3 class=\"wp-block-heading has-text-align-center\" style=\"padding-top:1rem;padding-right:var(--wp--preset--spacing--10);padding-bottom:1rem;padding-left:var(--wp--preset--spacing--10);font-size:clamp(15.747px, 0.984rem + ((1vw - 3.2px) * 0.938), 24px);font-style:normal;font-weight:500\" id=\"explorez-notre-guide-sas\">Explorez notre guide SAS<\/h3>\n\n\n<figure class=\"wp-block-image aligncenter size-full is-resized\" style=\"margin-right:0;margin-left:0\"><img loading=\"lazy\" decoding=\"async\" width=\"425\" height=\"425\" src=\"https:\/\/www.clic-formalites.com\/blog\/wp-content\/themes\/twentytwentyfour-child\/assets\/images\/book-sas-avec-flou-orange2.png\" alt=\"\" class=\"wp-image-1468\" style=\"width:200px;height:auto\"\/><\/figure>\n\n\n\n<p class=\"has-text-align-center\">Clic formalit\u00e9s vous informe.<\/p>\n\n\n\n<div class=\"wp-block-buttons is-content-justification-center is-layout-flex wp-container-core-buttons-is-layout-e79165ae wp-block-buttons-is-layout-flex\" style=\"border-top-left-radius:23px;border-top-right-radius:23px;border-bottom-left-radius:23px;border-bottom-right-radius:23px;margin-top:var(--wp--preset--spacing--10);margin-bottom:var(--wp--preset--spacing--10);padding-right:0;padding-left:0\">\n<div class=\"wp-block-button hustle-show-sas\"><a class=\"wp-block-button__link has-light-color has-dark-background-color has-text-color has-background has-link-color has-custom-font-size wp-element-button\" style=\"border-top-left-radius:12px;border-top-right-radius:12px;border-bottom-left-radius:12px;border-bottom-right-radius:12px;padding-right:var(--wp--preset--spacing--10);padding-left:var(--wp--preset--spacing--10);font-size:clamp(0.875rem, 0.875rem + ((1vw - 0.2rem) * 0.227), 1rem);font-style:normal;font-weight:700\" rel=\"noreferrer noopener\">R\u00e9cup\u00e9rez votre exemplaire<\/a><\/div>\n<\/div>\n<\/div>\n\n\n\n<div class=\"wp-block-group has-border-color has-accent-3-border-color has-contrast-1-background-color has-background has-medium-font-size has-global-padding is-layout-constrained wp-container-core-group-is-layout-954fedef wp-block-group-is-layout-constrained\" style=\"border-width:1px;border-top-left-radius:13px;border-top-right-radius:13px;border-bottom-left-radius:13px;border-bottom-right-radius:13px;margin-top:0;margin-bottom:var(--wp--preset--spacing--20);padding-top:var(--wp--preset--spacing--20);padding-right:var(--wp--preset--spacing--20);padding-bottom:var(--wp--preset--spacing--20);padding-left:var(--wp--preset--spacing--20);box-shadow:none\"><h3 class=\"wp-block-heading has-text-align-center has-dark-color has-text-color has-link-color wp-elements-990ff9a32352d89654dfb9a074cf1c04\" style=\"font-size:clamp(14px, 0.875rem + ((1vw - 3.2px) * 0.682), 20px);\" id=\"comment-gerer-au-mieux-votre-entreprise\">Comment g\u00e9rer au mieux votre entreprise ?<\/h3>\n\n\n<p class=\"has-text-align-center has-dark-color has-text-color has-link-color wp-elements-9c9e13de133eb3bce388356ad908df41\">Clic formalit\u00e9s vous accompagne dans toutes vos d\u00e9marches. <\/p>\n\n\n\n<div class=\"wp-block-buttons has-accent-3-background-color has-background is-content-justification-center is-layout-flex wp-container-core-buttons-is-layout-a89b3969 wp-block-buttons-is-layout-flex\" style=\"border-top-left-radius:13px;border-top-right-radius:13px;border-bottom-left-radius:13px;border-bottom-right-radius:13px\">\n<div class=\"wp-block-button\"><a class=\"wp-block-button__link has-light-color has-accent-3-background-color has-text-color has-background has-link-color has-custom-font-size wp-element-button\" href=\"https:\/\/www.clic-formalites.com\/gestion-entreprise\" style=\"font-size:clamp(0.875rem, 0.875rem + ((1vw - 0.2rem) * 0.227), 1rem);font-style:normal;font-weight:700\" target=\"_blank\" rel=\"noreferrer noopener\">G\u00e9rer votre entreprise<\/a><\/div>\n<\/div>\n<\/div>\n<\/div>\n<\/div>\n<\/div>\n","protected":false},"excerpt":{"rendered":"<p>Passer de SARL &agrave; SAS constitue souvent une &eacute;tape strat&eacute;gique : la structure devient plus souple, plus lisible pour les investisseurs et mieux adapt&eacute;e &agrave; une croissance organis&eacute;e. Toutefois, pour s&eacute;curiser l&rsquo;op&eacute;ration, il faut suivre une m&eacute;thode pr&eacute;cise, depuis le diagnostic pr&eacute;alable jusqu&rsquo;&agrave; la mise &agrave; jour du Kbis. Pourquoi transformer sa SARL en SAS [&hellip;]<\/p>\n","protected":false},"author":13,"featured_media":1811,"comment_status":"closed","ping_status":"open","sticky":false,"template":"","format":"standard","meta":{"footnotes":""},"categories":[2,6],"tags":[],"class_list":["post-1810","post","type-post","status-publish","format-standard","has-post-thumbnail","hentry","category-actualites","category-modifications-statutaires"],"yoast_head":"<!-- This site is optimized with the Yoast SEO plugin v27.4 - https:\/\/yoast.com\/product\/yoast-seo-wordpress\/ -->\n<title>La check-list pour transformer votre SARL en SAS<\/title>\n<meta name=\"description\" content=\"La transformation d&#039;une SARL en SAS constitue souvent une \u00e9tape strat\u00e9gique, alors voil\u00e0 la check-list des \u00e9l\u00e9ments \u00e0 ne pas oublier.\" \/>\n<meta name=\"robots\" content=\"index, follow, max-snippet:-1, max-image-preview:large, max-video-preview:-1\" \/>\n<link rel=\"canonical\" href=\"https:\/\/www.clic-formalites.com\/blog\/transformation-sarl-sas\/\" \/>\n<meta property=\"og:locale\" content=\"fr_FR\" \/>\n<meta property=\"og:type\" content=\"article\" \/>\n<meta property=\"og:title\" content=\"La check-list pour transformer votre SARL en SAS\" \/>\n<meta property=\"og:description\" content=\"La transformation d&#039;une SARL en SAS constitue souvent une \u00e9tape strat\u00e9gique, alors voil\u00e0 la check-list des \u00e9l\u00e9ments \u00e0 ne pas oublier.\" \/>\n<meta property=\"og:url\" content=\"https:\/\/www.clic-formalites.com\/blog\/transformation-sarl-sas\/\" \/>\n<meta property=\"og:site_name\" content=\"Clic Formalit\u00e9s, Le Blog\" \/>\n<meta property=\"article:publisher\" content=\"https:\/\/www.facebook.com\/search\/top?q=clicformalits\" \/>\n<meta property=\"article:published_time\" content=\"2026-04-02T10:44:55+00:00\" \/>\n<meta property=\"article:modified_time\" content=\"2026-04-09T13:54:49+00:00\" \/>\n<meta property=\"og:image\" content=\"https:\/\/www.clic-formalites.com\/blog\/wp-content\/uploads\/2026\/04\/glenn-carstens-peters-RLw-UC03Gwc-unsplash-scaled.jpg\" \/>\n\t<meta property=\"og:image:width\" content=\"2560\" \/>\n\t<meta property=\"og:image:height\" content=\"1703\" \/>\n\t<meta property=\"og:image:type\" content=\"image\/jpeg\" \/>\n<meta name=\"author\" content=\"ewan\" \/>\n<meta name=\"twitter:card\" content=\"summary_large_image\" \/>\n<meta name=\"twitter:label1\" content=\"\u00c9crit par\" \/>\n\t<meta name=\"twitter:data1\" content=\"ewan\" \/>\n\t<meta name=\"twitter:label2\" content=\"Dur\u00e9e de lecture estim\u00e9e\" \/>\n\t<meta name=\"twitter:data2\" content=\"6 minutes\" \/>\n<script type=\"application\/ld+json\" class=\"yoast-schema-graph\">{\"@context\":\"https:\\\/\\\/schema.org\",\"@graph\":[{\"@type\":[\"Article\",\"BlogPosting\"],\"@id\":\"https:\\\/\\\/www.clic-formalites.com\\\/blog\\\/transformation-sarl-sas\\\/#article\",\"isPartOf\":{\"@id\":\"https:\\\/\\\/www.clic-formalites.com\\\/blog\\\/transformation-sarl-sas\\\/\"},\"author\":{\"name\":\"ewan\",\"@id\":\"https:\\\/\\\/www.clic-formalites.com\\\/blog\\\/#\\\/schema\\\/person\\\/d1f15c484a663ec5009e83ae26bca506\"},\"headline\":\"Transformation de SARL en SAS : check-list juridique et calendrier pratique pour le dirigeant de TPE\\\/PME\",\"datePublished\":\"2026-04-02T10:44:55+00:00\",\"dateModified\":\"2026-04-09T13:54:49+00:00\",\"mainEntityOfPage\":{\"@id\":\"https:\\\/\\\/www.clic-formalites.com\\\/blog\\\/transformation-sarl-sas\\\/\"},\"wordCount\":1105,\"publisher\":{\"@id\":\"https:\\\/\\\/www.clic-formalites.com\\\/blog\\\/#organization\"},\"image\":{\"@id\":\"https:\\\/\\\/www.clic-formalites.com\\\/blog\\\/transformation-sarl-sas\\\/#primaryimage\"},\"thumbnailUrl\":\"https:\\\/\\\/www.clic-formalites.com\\\/blog\\\/wp-content\\\/uploads\\\/2026\\\/04\\\/glenn-carstens-peters-RLw-UC03Gwc-unsplash-scaled.jpg\",\"articleSection\":[\"Actualit\u00e9s\",\"Modifications Statutaires\"],\"inLanguage\":\"fr-FR\"},{\"@type\":\"WebPage\",\"@id\":\"https:\\\/\\\/www.clic-formalites.com\\\/blog\\\/transformation-sarl-sas\\\/\",\"url\":\"https:\\\/\\\/www.clic-formalites.com\\\/blog\\\/transformation-sarl-sas\\\/\",\"name\":\"La check-list pour transformer votre SARL en SAS\",\"isPartOf\":{\"@id\":\"https:\\\/\\\/www.clic-formalites.com\\\/blog\\\/#website\"},\"primaryImageOfPage\":{\"@id\":\"https:\\\/\\\/www.clic-formalites.com\\\/blog\\\/transformation-sarl-sas\\\/#primaryimage\"},\"image\":{\"@id\":\"https:\\\/\\\/www.clic-formalites.com\\\/blog\\\/transformation-sarl-sas\\\/#primaryimage\"},\"thumbnailUrl\":\"https:\\\/\\\/www.clic-formalites.com\\\/blog\\\/wp-content\\\/uploads\\\/2026\\\/04\\\/glenn-carstens-peters-RLw-UC03Gwc-unsplash-scaled.jpg\",\"datePublished\":\"2026-04-02T10:44:55+00:00\",\"dateModified\":\"2026-04-09T13:54:49+00:00\",\"description\":\"La transformation d'une SARL en SAS constitue souvent une \u00e9tape strat\u00e9gique, alors voil\u00e0 la check-list des \u00e9l\u00e9ments \u00e0 ne pas oublier.\",\"breadcrumb\":{\"@id\":\"https:\\\/\\\/www.clic-formalites.com\\\/blog\\\/transformation-sarl-sas\\\/#breadcrumb\"},\"inLanguage\":\"fr-FR\",\"potentialAction\":[{\"@type\":\"ReadAction\",\"target\":[\"https:\\\/\\\/www.clic-formalites.com\\\/blog\\\/transformation-sarl-sas\\\/\"]}]},{\"@type\":\"ImageObject\",\"inLanguage\":\"fr-FR\",\"@id\":\"https:\\\/\\\/www.clic-formalites.com\\\/blog\\\/transformation-sarl-sas\\\/#primaryimage\",\"url\":\"https:\\\/\\\/www.clic-formalites.com\\\/blog\\\/wp-content\\\/uploads\\\/2026\\\/04\\\/glenn-carstens-peters-RLw-UC03Gwc-unsplash-scaled.jpg\",\"contentUrl\":\"https:\\\/\\\/www.clic-formalites.com\\\/blog\\\/wp-content\\\/uploads\\\/2026\\\/04\\\/glenn-carstens-peters-RLw-UC03Gwc-unsplash-scaled.jpg\",\"width\":2560,\"height\":1703},{\"@type\":\"BreadcrumbList\",\"@id\":\"https:\\\/\\\/www.clic-formalites.com\\\/blog\\\/transformation-sarl-sas\\\/#breadcrumb\",\"itemListElement\":[{\"@type\":\"ListItem\",\"position\":1,\"name\":\"Accueil\",\"item\":\"https:\\\/\\\/www.clic-formalites.com\\\/blog\\\/\"},{\"@type\":\"ListItem\",\"position\":2,\"name\":\"Transformation de SARL en SAS : check-list juridique et calendrier pratique pour le dirigeant de TPE\\\/PME\"}]},{\"@type\":\"WebSite\",\"@id\":\"https:\\\/\\\/www.clic-formalites.com\\\/blog\\\/#website\",\"url\":\"https:\\\/\\\/www.clic-formalites.com\\\/blog\\\/\",\"name\":\"Clic Formalit\u00e9s, Le Blog\",\"description\":\"\",\"publisher\":{\"@id\":\"https:\\\/\\\/www.clic-formalites.com\\\/blog\\\/#organization\"},\"potentialAction\":[{\"@type\":\"SearchAction\",\"target\":{\"@type\":\"EntryPoint\",\"urlTemplate\":\"https:\\\/\\\/www.clic-formalites.com\\\/blog\\\/?s={search_term_string}\"},\"query-input\":{\"@type\":\"PropertyValueSpecification\",\"valueRequired\":true,\"valueName\":\"search_term_string\"}}],\"inLanguage\":\"fr-FR\"},{\"@type\":\"Organization\",\"@id\":\"https:\\\/\\\/www.clic-formalites.com\\\/blog\\\/#organization\",\"name\":\"Clic Formalit\u00e9s, Le Blog\",\"url\":\"https:\\\/\\\/www.clic-formalites.com\\\/blog\\\/\",\"logo\":{\"@type\":\"ImageObject\",\"inLanguage\":\"fr-FR\",\"@id\":\"https:\\\/\\\/www.clic-formalites.com\\\/blog\\\/#\\\/schema\\\/logo\\\/image\\\/\",\"url\":\"https:\\\/\\\/www.clic-formalites.com\\\/blog\\\/wp-content\\\/uploads\\\/2026\\\/01\\\/clic-logo.png\",\"contentUrl\":\"https:\\\/\\\/www.clic-formalites.com\\\/blog\\\/wp-content\\\/uploads\\\/2026\\\/01\\\/clic-logo.png\",\"width\":884,\"height\":329,\"caption\":\"Clic Formalit\u00e9s, Le Blog\"},\"image\":{\"@id\":\"https:\\\/\\\/www.clic-formalites.com\\\/blog\\\/#\\\/schema\\\/logo\\\/image\\\/\"},\"sameAs\":[\"https:\\\/\\\/www.facebook.com\\\/search\\\/top?q=clicformalits\",\"https:\\\/\\\/www.linkedin.com\\\/company\\\/clic-formalits\\\/posts\\\/?feedView=all\"]},{\"@type\":\"Person\",\"@id\":\"https:\\\/\\\/www.clic-formalites.com\\\/blog\\\/#\\\/schema\\\/person\\\/d1f15c484a663ec5009e83ae26bca506\",\"name\":\"ewan\",\"image\":{\"@type\":\"ImageObject\",\"inLanguage\":\"fr-FR\",\"@id\":\"https:\\\/\\\/secure.gravatar.com\\\/avatar\\\/86acc608068396c481d41cf847369f82be80fd38d49bed4dd8705cfe14b2fadc?s=96&d=mm&r=g\",\"url\":\"https:\\\/\\\/secure.gravatar.com\\\/avatar\\\/86acc608068396c481d41cf847369f82be80fd38d49bed4dd8705cfe14b2fadc?s=96&d=mm&r=g\",\"contentUrl\":\"https:\\\/\\\/secure.gravatar.com\\\/avatar\\\/86acc608068396c481d41cf847369f82be80fd38d49bed4dd8705cfe14b2fadc?s=96&d=mm&r=g\",\"caption\":\"ewan\"},\"url\":\"https:\\\/\\\/www.clic-formalites.com\\\/blog\\\/author\\\/ewan\\\/\"}]}<\/script>\n<!-- \/ Yoast SEO plugin. -->","yoast_head_json":{"title":"La check-list pour transformer votre SARL en SAS","description":"La transformation d'une SARL en SAS constitue souvent une \u00e9tape strat\u00e9gique, alors voil\u00e0 la check-list des \u00e9l\u00e9ments \u00e0 ne pas oublier.","robots":{"index":"index","follow":"follow","max-snippet":"max-snippet:-1","max-image-preview":"max-image-preview:large","max-video-preview":"max-video-preview:-1"},"canonical":"https:\/\/www.clic-formalites.com\/blog\/transformation-sarl-sas\/","og_locale":"fr_FR","og_type":"article","og_title":"La check-list pour transformer votre SARL en SAS","og_description":"La transformation d'une SARL en SAS constitue souvent une \u00e9tape strat\u00e9gique, alors voil\u00e0 la check-list des \u00e9l\u00e9ments \u00e0 ne pas oublier.","og_url":"https:\/\/www.clic-formalites.com\/blog\/transformation-sarl-sas\/","og_site_name":"Clic Formalit\u00e9s, Le Blog","article_publisher":"https:\/\/www.facebook.com\/search\/top?q=clicformalits","article_published_time":"2026-04-02T10:44:55+00:00","article_modified_time":"2026-04-09T13:54:49+00:00","og_image":[{"width":2560,"height":1703,"url":"https:\/\/www.clic-formalites.com\/blog\/wp-content\/uploads\/2026\/04\/glenn-carstens-peters-RLw-UC03Gwc-unsplash-scaled.jpg","type":"image\/jpeg"}],"author":"ewan","twitter_card":"summary_large_image","twitter_misc":{"\u00c9crit par":"ewan","Dur\u00e9e de lecture estim\u00e9e":"6 minutes"},"schema":{"@context":"https:\/\/schema.org","@graph":[{"@type":["Article","BlogPosting"],"@id":"https:\/\/www.clic-formalites.com\/blog\/transformation-sarl-sas\/#article","isPartOf":{"@id":"https:\/\/www.clic-formalites.com\/blog\/transformation-sarl-sas\/"},"author":{"name":"ewan","@id":"https:\/\/www.clic-formalites.com\/blog\/#\/schema\/person\/d1f15c484a663ec5009e83ae26bca506"},"headline":"Transformation de SARL en SAS : check-list juridique et calendrier pratique pour le dirigeant de TPE\/PME","datePublished":"2026-04-02T10:44:55+00:00","dateModified":"2026-04-09T13:54:49+00:00","mainEntityOfPage":{"@id":"https:\/\/www.clic-formalites.com\/blog\/transformation-sarl-sas\/"},"wordCount":1105,"publisher":{"@id":"https:\/\/www.clic-formalites.com\/blog\/#organization"},"image":{"@id":"https:\/\/www.clic-formalites.com\/blog\/transformation-sarl-sas\/#primaryimage"},"thumbnailUrl":"https:\/\/www.clic-formalites.com\/blog\/wp-content\/uploads\/2026\/04\/glenn-carstens-peters-RLw-UC03Gwc-unsplash-scaled.jpg","articleSection":["Actualit\u00e9s","Modifications Statutaires"],"inLanguage":"fr-FR"},{"@type":"WebPage","@id":"https:\/\/www.clic-formalites.com\/blog\/transformation-sarl-sas\/","url":"https:\/\/www.clic-formalites.com\/blog\/transformation-sarl-sas\/","name":"La check-list pour transformer votre SARL en SAS","isPartOf":{"@id":"https:\/\/www.clic-formalites.com\/blog\/#website"},"primaryImageOfPage":{"@id":"https:\/\/www.clic-formalites.com\/blog\/transformation-sarl-sas\/#primaryimage"},"image":{"@id":"https:\/\/www.clic-formalites.com\/blog\/transformation-sarl-sas\/#primaryimage"},"thumbnailUrl":"https:\/\/www.clic-formalites.com\/blog\/wp-content\/uploads\/2026\/04\/glenn-carstens-peters-RLw-UC03Gwc-unsplash-scaled.jpg","datePublished":"2026-04-02T10:44:55+00:00","dateModified":"2026-04-09T13:54:49+00:00","description":"La transformation d'une SARL en SAS constitue souvent une \u00e9tape strat\u00e9gique, alors voil\u00e0 la check-list des \u00e9l\u00e9ments \u00e0 ne pas oublier.","breadcrumb":{"@id":"https:\/\/www.clic-formalites.com\/blog\/transformation-sarl-sas\/#breadcrumb"},"inLanguage":"fr-FR","potentialAction":[{"@type":"ReadAction","target":["https:\/\/www.clic-formalites.com\/blog\/transformation-sarl-sas\/"]}]},{"@type":"ImageObject","inLanguage":"fr-FR","@id":"https:\/\/www.clic-formalites.com\/blog\/transformation-sarl-sas\/#primaryimage","url":"https:\/\/www.clic-formalites.com\/blog\/wp-content\/uploads\/2026\/04\/glenn-carstens-peters-RLw-UC03Gwc-unsplash-scaled.jpg","contentUrl":"https:\/\/www.clic-formalites.com\/blog\/wp-content\/uploads\/2026\/04\/glenn-carstens-peters-RLw-UC03Gwc-unsplash-scaled.jpg","width":2560,"height":1703},{"@type":"BreadcrumbList","@id":"https:\/\/www.clic-formalites.com\/blog\/transformation-sarl-sas\/#breadcrumb","itemListElement":[{"@type":"ListItem","position":1,"name":"Accueil","item":"https:\/\/www.clic-formalites.com\/blog\/"},{"@type":"ListItem","position":2,"name":"Transformation de SARL en SAS : check-list juridique et calendrier pratique pour le dirigeant de TPE\/PME"}]},{"@type":"WebSite","@id":"https:\/\/www.clic-formalites.com\/blog\/#website","url":"https:\/\/www.clic-formalites.com\/blog\/","name":"Clic Formalit\u00e9s, Le Blog","description":"","publisher":{"@id":"https:\/\/www.clic-formalites.com\/blog\/#organization"},"potentialAction":[{"@type":"SearchAction","target":{"@type":"EntryPoint","urlTemplate":"https:\/\/www.clic-formalites.com\/blog\/?s={search_term_string}"},"query-input":{"@type":"PropertyValueSpecification","valueRequired":true,"valueName":"search_term_string"}}],"inLanguage":"fr-FR"},{"@type":"Organization","@id":"https:\/\/www.clic-formalites.com\/blog\/#organization","name":"Clic Formalit\u00e9s, Le Blog","url":"https:\/\/www.clic-formalites.com\/blog\/","logo":{"@type":"ImageObject","inLanguage":"fr-FR","@id":"https:\/\/www.clic-formalites.com\/blog\/#\/schema\/logo\/image\/","url":"https:\/\/www.clic-formalites.com\/blog\/wp-content\/uploads\/2026\/01\/clic-logo.png","contentUrl":"https:\/\/www.clic-formalites.com\/blog\/wp-content\/uploads\/2026\/01\/clic-logo.png","width":884,"height":329,"caption":"Clic Formalit\u00e9s, Le Blog"},"image":{"@id":"https:\/\/www.clic-formalites.com\/blog\/#\/schema\/logo\/image\/"},"sameAs":["https:\/\/www.facebook.com\/search\/top?q=clicformalits","https:\/\/www.linkedin.com\/company\/clic-formalits\/posts\/?feedView=all"]},{"@type":"Person","@id":"https:\/\/www.clic-formalites.com\/blog\/#\/schema\/person\/d1f15c484a663ec5009e83ae26bca506","name":"ewan","image":{"@type":"ImageObject","inLanguage":"fr-FR","@id":"https:\/\/secure.gravatar.com\/avatar\/86acc608068396c481d41cf847369f82be80fd38d49bed4dd8705cfe14b2fadc?s=96&d=mm&r=g","url":"https:\/\/secure.gravatar.com\/avatar\/86acc608068396c481d41cf847369f82be80fd38d49bed4dd8705cfe14b2fadc?s=96&d=mm&r=g","contentUrl":"https:\/\/secure.gravatar.com\/avatar\/86acc608068396c481d41cf847369f82be80fd38d49bed4dd8705cfe14b2fadc?s=96&d=mm&r=g","caption":"ewan"},"url":"https:\/\/www.clic-formalites.com\/blog\/author\/ewan\/"}]}},"_links":{"self":[{"href":"https:\/\/www.clic-formalites.com\/blog\/wp-json\/wp\/v2\/posts\/1810","targetHints":{"allow":["GET"]}}],"collection":[{"href":"https:\/\/www.clic-formalites.com\/blog\/wp-json\/wp\/v2\/posts"}],"about":[{"href":"https:\/\/www.clic-formalites.com\/blog\/wp-json\/wp\/v2\/types\/post"}],"author":[{"embeddable":true,"href":"https:\/\/www.clic-formalites.com\/blog\/wp-json\/wp\/v2\/users\/13"}],"replies":[{"embeddable":true,"href":"https:\/\/www.clic-formalites.com\/blog\/wp-json\/wp\/v2\/comments?post=1810"}],"version-history":[{"count":7,"href":"https:\/\/www.clic-formalites.com\/blog\/wp-json\/wp\/v2\/posts\/1810\/revisions"}],"predecessor-version":[{"id":1841,"href":"https:\/\/www.clic-formalites.com\/blog\/wp-json\/wp\/v2\/posts\/1810\/revisions\/1841"}],"wp:featuredmedia":[{"embeddable":true,"href":"https:\/\/www.clic-formalites.com\/blog\/wp-json\/wp\/v2\/media\/1811"}],"wp:attachment":[{"href":"https:\/\/www.clic-formalites.com\/blog\/wp-json\/wp\/v2\/media?parent=1810"}],"wp:term":[{"taxonomy":"category","embeddable":true,"href":"https:\/\/www.clic-formalites.com\/blog\/wp-json\/wp\/v2\/categories?post=1810"},{"taxonomy":"post_tag","embeddable":true,"href":"https:\/\/www.clic-formalites.com\/blog\/wp-json\/wp\/v2\/tags?post=1810"}],"curies":[{"name":"wp","href":"https:\/\/api.w.org\/{rel}","templated":true}]}}