{"id":1533,"date":"2026-03-05T17:00:27","date_gmt":"2026-03-05T16:00:27","guid":{"rendered":"https:\/\/www.clic-formalites.com\/blog\/?p=1533"},"modified":"2026-04-30T16:22:33","modified_gmt":"2026-04-30T15:22:33","slug":"modification-transfert-changement","status":"publish","type":"post","link":"https:\/\/www.clic-formalites.com\/blog\/modification-transfert-changement\/","title":{"rendered":"Modification d\u2019objet social, transfert de si\u00e8ge, changement de dirigeant : mode d\u2019emploi express"},"content":{"rendered":"\n<div class=\"wp-block-columns is-layout-flex wp-container-core-columns-is-layout-28f84493 wp-block-columns-is-layout-flex\">\n<div class=\"wp-block-column is-layout-flow wp-block-column-is-layout-flow\" style=\"flex-basis:75%\">\n<p>Modifier l\u2019objet social, transf\u00e9rer le si\u00e8ge ou changer de dirigeant constitue des op\u00e9rations fr\u00e9quentes dans la vie d\u2019une soci\u00e9t\u00e9.&nbsp;En 2026, ces formalit\u00e9s suivent une logique commune.&nbsp;En effet, chaque modification repose sur quatre \u00e9tapes : d\u00e9cision des associ\u00e9s, mise \u00e0 jour des statuts, publication d\u2019une annonce l\u00e9gale et d\u00e9p\u00f4t du dossier sur le guichet unique.<\/p>\n\n\n\n<p><\/p>\n\n\n<ol class=\"simpletoc-list\">\n<li><a href=\"#les-trois-reflexes-communs\">Les trois r\u00e9flexes communs<\/a>\n\n<\/li>\n<li><a href=\"#modifier-lobjet-social-changer-ou-elargir-lactivite\">Modifier l\u2019objet social : changer ou \u00e9largir l\u2019activit\u00e9<\/a>\n\n\n<li><a href=\"#transferer-le-siege-social-modifier-ladresse-juridique\">Transf\u00e9rer le si\u00e8ge social : modifier l\u2019adresse juridique<\/a>\n\n\n<li><a href=\"#changer-de-dirigeant-designer-un-nouveau-representant-legal\">Changer de dirigeant : d\u00e9signer un nouveau repr\u00e9sentant l\u00e9gal<\/a>\n\n\n<li><a href=\"#les-points-a-ne-pas-oublier\">Les points \u00e0 ne pas oublier<\/a>\n\n<\/li>\n<\/ol>\n<\/li><\/ol>\n\n<h2 class=\"wp-block-heading\" id=\"les-trois-reflexes-communs\">Les trois r\u00e9flexes communs<\/h2>\n\n\n<p>Quelle que soit la modification, la proc\u00e9dure reste globalement identique.&nbsp;Autrement dit, la m\u00e9thode ne change pas, seuls les \u00e9l\u00e9ments \u00e0 d\u00e9clarer varient.<\/p>\n\n\n\n<p>En pratique, vous devez :<\/p>\n\n\n\n<ul class=\"wp-block-list\">\n<li>d\u2019abord&nbsp;prendre la d\u00e9cision dans la bonne assembl\u00e9e ou aupr\u00e8s de l\u2019organe comp\u00e9tent ;<\/li>\n\n\n\n<li>ensuite&nbsp;mettre \u00e0 jour les statuts ;<\/li>\n\n\n\n<li>puis&nbsp;publier une annonce l\u00e9gale de modification ;<\/li>\n\n\n\n<li>enfin&nbsp;d\u00e9poser le dossier sur le guichet unique de l\u2019INPI avec les justificatifs.<\/li>\n<\/ul>\n\n\n\n<p>Ainsi, la structure de la formalit\u00e9 reste stable.&nbsp;En revanche, le contenu du formulaire et de l\u2019annonce d\u00e9pend de la modification concern\u00e9e.<\/p>\n\n\n<h2 class=\"wp-block-heading\" id=\"modifier-lobjet-social-changer-ou-elargir-lactivite\">Modifier l\u2019objet social : changer ou \u00e9largir l\u2019activit\u00e9<\/h2>\n\n\n<p>L\u2019objet social d\u00e9crit les activit\u00e9s que la soci\u00e9t\u00e9 peut exercer.&nbsp;Par cons\u00e9quent, toute \u00e9volution importante impose une modification statutaire. Par exemple, vous devrez intervenir si vous changez de secteur ou si vous ajoutez une activit\u00e9 non compl\u00e9mentaire.<\/p>\n\n\n<h3 class=\"wp-block-heading\" id=\"etapes-essentielles\">\u00c9tapes essentielles<\/h3>\n\n\n<p>Tout d\u2019abord, les associ\u00e9s doivent prendre la d\u00e9cision en assembl\u00e9e g\u00e9n\u00e9rale extraordinaire.&nbsp;Cependant, dans certaines SAS, les statuts confient ce pouvoir \u00e0 un autre organe.<\/p>\n\n\n\n<p>Ensuite, vous r\u00e9digez un proc\u00e8s-verbal. Ce document doit mentionner clairement l\u2019ancien objet social et le nouvel objet.<\/p>\n\n\n\n<p>Puis, vous modifiez l\u2019article des statuts correspondant.<\/p>\n\n\n\n<p>Apr\u00e8s cela, vous publiez une annonce l\u00e9gale mentionnant :<\/p>\n\n\n\n<ul class=\"wp-block-list\">\n<li>la d\u00e9nomination sociale ;<\/li>\n\n\n\n<li>la forme juridique ;<\/li>\n\n\n\n<li>le si\u00e8ge social ;<\/li>\n\n\n\n<li>le capital ;<\/li>\n\n\n\n<li>le num\u00e9ro RCS ;<\/li>\n\n\n\n<li>l\u2019ancien et le nouvel objet social.<\/li>\n<\/ul>\n\n\n\n<p>Enfin, vous d\u00e9posez la modification sur le guichet unique avec les pi\u00e8ces n\u00e9cessaires.<\/p>\n\n\n\n<p>Attention toutefois&nbsp;: un changement r\u00e9el d\u2019activit\u00e9 peut entra\u00eener des cons\u00e9quences fiscales ou sociales.&nbsp;Par exemple, la convention collective applicable peut \u00e9voluer.<\/p>\n\n\n\n<p>Pour vous aider dans cette d\u00e9marche, Clic Formalit\u00e9s propose un accompagnement de A \u00e0 Z.<\/p>\n\n\n\n<div class=\"wp-block-buttons is-content-justification-center is-layout-flex wp-container-core-buttons-is-layout-a89b3969 wp-block-buttons-is-layout-flex\">\n<div class=\"wp-block-button has-custom-width wp-block-button__width-75\"><a class=\"wp-block-button__link has-light-color has-accent-3-background-color has-text-color has-background has-link-color has-custom-font-size wp-element-button\" href=\"https:\/\/www.clic-formalites.com\/gestion-entreprise\/changement-objet-social\" style=\"font-size:clamp(0.875rem, 0.875rem + ((1vw - 0.2rem) * 0.227), 1rem);font-style:normal;font-weight:600\" target=\"_blank\" rel=\"noreferrer noopener\">Modifier l&rsquo;objet social de votre entreprise<\/a><\/div>\n<\/div>\n\n\n<h2 class=\"wp-block-heading\" id=\"transferer-le-siege-social-modifier-ladresse-juridique\">Transf\u00e9rer le si\u00e8ge social : modifier l\u2019adresse juridique<\/h2>\n\n\n<p>Le si\u00e8ge social correspond \u00e0 l\u2019adresse officielle de la soci\u00e9t\u00e9.&nbsp;Ainsi, elle figure sur les statuts, le Kbis et l\u2019ensemble des documents juridiques.<\/p>\n\n\n\n<p>Lorsque l\u2019entreprise d\u00e9m\u00e9nage, elle doit donc modifier cette clause.<\/p>\n\n\n<h3 class=\"wp-block-heading\" id=\"etapes-principales\">\u00c9tapes principales<\/h3>\n\n\n<p>D\u2019abord, la d\u00e9cision doit \u00eatre prise. Selon les statuts, elle peut relever :<\/p>\n\n\n\n<ul class=\"wp-block-list\">\n<li>d\u2019une assembl\u00e9e g\u00e9n\u00e9rale extraordinaire ;<\/li>\n\n\n\n<li>ou du dirigeant, avec ratification ult\u00e9rieure.<\/li>\n<\/ul>\n\n\n\n<p>Ensuite, vous r\u00e9digez un proc\u00e8s-verbal pr\u00e9cisant :<\/p>\n\n\n\n<ul class=\"wp-block-list\">\n<li>l\u2019ancienne adresse ;<\/li>\n\n\n\n<li>la nouvelle adresse ;<\/li>\n\n\n\n<li>la date d\u2019effet du transfert.<\/li>\n<\/ul>\n\n\n\n<p>Puis, vous mettez \u00e0 jour l\u2019article \u00ab si\u00e8ge social \u00bb dans les statuts.<\/p>\n\n\n\n<p>Par la suite, vous publiez une annonce l\u00e9gale.&nbsp;<strong>Si le transfert change de d\u00e9partement<\/strong>, une seconde publication peut \u00eatre n\u00e9cessaire.<\/p>\n\n\n\n<p>Enfin, vous d\u00e9posez la formalit\u00e9 sur le guichet unique avec :<\/p>\n\n\n\n<ul class=\"wp-block-list\">\n<li>le formulaire de modification ;<\/li>\n\n\n\n<li>le proc\u00e8s-verbal ;<\/li>\n\n\n\n<li>les statuts mis \u00e0 jour ;<\/li>\n\n\n\n<li>l\u2019attestation de parution ;<\/li>\n\n\n\n<li>un justificatif de jouissance des locaux.<\/li>\n<\/ul>\n\n\n\n<p><strong>Apr\u00e8s validation<\/strong>, le greffe actualise le registre du commerce. Le num\u00e9ro&nbsp;<strong>SIREN reste identique<\/strong>.&nbsp;<strong>En revanche<\/strong>, le num\u00e9ro&nbsp;<strong>SIRET peut changer<\/strong>&nbsp;si le ressort du greffe \u00e9volue.<\/p>\n\n\n\n<p>Simplifiez votre d\u00e9marche : Clic Formalit\u00e9s est \u00e0 votre \u00e9coute pour r\u00e9pondre \u00e0 vos besoins.<\/p>\n\n\n\n<div class=\"wp-block-buttons is-content-justification-center is-layout-flex wp-container-core-buttons-is-layout-a89b3969 wp-block-buttons-is-layout-flex\">\n<div class=\"wp-block-button has-custom-width wp-block-button__width-75\"><a class=\"wp-block-button__link has-light-color has-accent-3-background-color has-text-color has-background has-link-color has-custom-font-size wp-element-button\" href=\"https:\/\/www.clic-formalites.com\/gestion-entreprise\/transfert-siege-social-dans-hors-ressort\" style=\"font-size:clamp(0.875rem, 0.875rem + ((1vw - 0.2rem) * 0.227), 1rem);font-style:normal;font-weight:600\" target=\"_blank\" rel=\"noreferrer noopener\">Transf\u00e9rer le si\u00e8ge social de votre entreprise<\/a><\/div>\n<\/div>\n\n\n<h2 class=\"wp-block-heading\" id=\"changer-de-dirigeant-designer-un-nouveau-representant-legal\">Changer de dirigeant : d\u00e9signer un nouveau repr\u00e9sentant l\u00e9gal<\/h2>\n\n\n<p>La nomination d\u2019un nouveau dirigeant modifie la personne qui repr\u00e9sente l\u00e9galement la soci\u00e9t\u00e9.&nbsp;Par cons\u00e9quent, cette modification doit \u00eatre d\u00e9clar\u00e9e rapidement.<\/p>\n\n\n<h3 class=\"wp-block-heading\" id=\"etapes-essentielles-2\">\u00c9tapes essentielles<\/h3>\n\n\n<p>Tout d\u2019abord, les associ\u00e9s prennent la d\u00e9cision de mettre fin au mandat du dirigeant sortant et de nommer son successeur.<\/p>\n\n\n\n<p>Le proc\u00e8s-verbal doit pr\u00e9ciser :<\/p>\n\n\n\n<ul class=\"wp-block-list\">\n<li>l\u2019identit\u00e9 compl\u00e8te du nouveau dirigeant ;<\/li>\n\n\n\n<li>son adresse ;<\/li>\n\n\n\n<li>la date de prise de fonction.<\/li>\n<\/ul>\n\n\n\n<p>Ensuite, vous v\u00e9rifiez si les statuts mentionnent le dirigeant par son nom.&nbsp;<strong>Si c\u2019est le cas<\/strong>, vous devez les modifier.&nbsp;Sinon, la d\u00e9cision de nomination suffit.<\/p>\n\n\n\n<p>Puis, vous publiez une annonce l\u00e9gale mentionnant :<\/p>\n\n\n\n<ul class=\"wp-block-list\">\n<li>la direction sortante ;<\/li>\n\n\n\n<li>la nouvelle direction ;<\/li>\n\n\n\n<li>la d\u00e9nomination sociale ;<\/li>\n\n\n\n<li>la forme ;<\/li>\n\n\n\n<li>le si\u00e8ge ;<\/li>\n\n\n\n<li>le capital ;<\/li>\n\n\n\n<li>le RCS.<\/li>\n<\/ul>\n\n\n\n<p>Enfin, vous d\u00e9posez le dossier sur le guichet unique avec :<\/p>\n\n\n\n<ul class=\"wp-block-list\">\n<li>le formulaire de modification ;<\/li>\n\n\n\n<li>le proc\u00e8s-verbal ;<\/li>\n\n\n\n<li>l\u2019attestation de parution ;<\/li>\n\n\n\n<li>la pi\u00e8ce d\u2019identit\u00e9 du dirigeant ;<\/li>\n\n\n\n<li>la d\u00e9claration de non-condamnation.<\/li>\n<\/ul>\n\n\n\n<p>Une fois le dossier valid\u00e9, le&nbsp;<strong>Kbis mis \u00e0 jour<\/strong>&nbsp;officialise le changement.<\/p>\n\n\n\n<p>Pour r\u00e9aliser cette d\u00e9marche, faites vous accompagner parr les \u00e9quipes de Clic Formalit\u00e9s.<\/p>\n\n\n\n<div class=\"wp-block-buttons is-content-justification-center is-layout-flex wp-container-core-buttons-is-layout-a89b3969 wp-block-buttons-is-layout-flex\">\n<div class=\"wp-block-button has-custom-width wp-block-button__width-75\"><a class=\"wp-block-button__link has-light-color has-accent-3-background-color has-text-color has-background has-link-color has-custom-font-size wp-element-button\" href=\"https:\/\/www.clic-formalites.com\/gestion-entreprise\/changement-dirigeant-gerant\" style=\"font-size:clamp(0.875rem, 0.875rem + ((1vw - 0.2rem) * 0.227), 1rem);font-style:normal;font-weight:600\" target=\"_blank\" rel=\"noreferrer noopener\">Changer le dirigeant de votre entreprise<\/a><\/div>\n<\/div>\n\n\n<h2 class=\"wp-block-heading\" id=\"les-points-a-ne-pas-oublier\">Les points \u00e0 ne pas oublier<\/h2>\n\n\n<p>Plusieurs \u00e9l\u00e9ments m\u00e9ritent une attention particuli\u00e8re.<\/p>\n\n\n\n<p>D\u2019abord, respectez les d\u00e9lais. En principe, vous disposez d\u2019un mois apr\u00e8s la d\u00e9cision pour publier l\u2019annonce l\u00e9gale et d\u00e9clarer la modification.<\/p>\n\n\n\n<p>Ensuite, toutes les formalit\u00e9s passent d\u00e9sormais par le guichet unique de l\u2019INPI. Il suffit de s\u00e9lectionner \u00ab modifier mon entreprise \u00bb puis la nature de la modification.<\/p>\n\n\n\n<p>Par ailleurs, pensez \u00e0 mettre \u00e0 jour les documents li\u00e9s \u00e0 la soci\u00e9t\u00e9 :<\/p>\n\n\n\n<ul class=\"wp-block-list\">\n<li>contrats ;<\/li>\n\n\n\n<li>assurances ;<\/li>\n\n\n\n<li>site internet ;<\/li>\n\n\n\n<li>mentions l\u00e9gales ;<\/li>\n\n\n\n<li>facturation ;<\/li>\n\n\n\n<li>documents commerciaux.<\/li>\n<\/ul>\n\n\n\n<p>Les modifications d\u2019objet social, de si\u00e8ge ou de dirigeant reposent sur une m\u00eame logique.&nbsp;D\u2019abord, les associ\u00e9s prennent une d\u00e9cision.&nbsp;Ensuite, les statuts sont mis \u00e0 jour.&nbsp;Puis, une annonce l\u00e9gale est publi\u00e9e.&nbsp;Enfin, la modification est d\u00e9clar\u00e9e sur le guichet unique.<\/p>\n\n\n\n<p>En vous faisant accompagner dans vos d\u00e9marches par des sp\u00e9cialistes, les formalit\u00e9s deviennent beaucoup plus simples \u00e0 g\u00e9rer tout au long de la vie de la soci\u00e9t\u00e9.<\/p>\n<\/div>\n\n\n\n<div class=\"wp-block-column is-layout-flow wp-block-column-is-layout-flow\" style=\"flex-basis:25%\">\n<div class=\"wp-block-group wp-sticky-element has-global-padding is-layout-constrained wp-block-group-is-layout-constrained\">\n<div class=\"wp-block-group has-border-color has-accent-3-border-color has-contrast-1-background-color has-background has-medium-font-size has-global-padding is-layout-constrained wp-container-core-group-is-layout-954fedef wp-block-group-is-layout-constrained\" style=\"border-width:1px;border-top-left-radius:13px;border-top-right-radius:13px;border-bottom-left-radius:13px;border-bottom-right-radius:13px;margin-top:0;margin-bottom:var(--wp--preset--spacing--20);padding-top:var(--wp--preset--spacing--20);padding-right:var(--wp--preset--spacing--20);padding-bottom:var(--wp--preset--spacing--20);padding-left:var(--wp--preset--spacing--20);box-shadow:none\"><h3 class=\"wp-block-heading has-text-align-center has-dark-color has-text-color has-link-color wp-elements-990ff9a32352d89654dfb9a074cf1c04\" style=\"font-size:clamp(14px, 0.875rem + ((1vw - 3.2px) * 0.682), 20px);\" id=\"comment-gerer-au-mieux-votre-entreprise\">Comment g\u00e9rer au mieux votre entreprise ?<\/h3>\n\n\n<p class=\"has-text-align-center has-dark-color has-text-color has-link-color wp-elements-9c9e13de133eb3bce388356ad908df41\">Clic formalit\u00e9s vous accompagne dans toutes vos d\u00e9marches. <\/p>\n\n\n\n<div class=\"wp-block-buttons has-accent-3-background-color has-background is-content-justification-center is-layout-flex wp-container-core-buttons-is-layout-a89b3969 wp-block-buttons-is-layout-flex\" style=\"border-top-left-radius:13px;border-top-right-radius:13px;border-bottom-left-radius:13px;border-bottom-right-radius:13px\">\n<div class=\"wp-block-button\"><a class=\"wp-block-button__link has-light-color has-accent-3-background-color has-text-color has-background has-link-color has-custom-font-size wp-element-button\" href=\"https:\/\/www.clic-formalites.com\/gestion-entreprise\" style=\"font-size:clamp(0.875rem, 0.875rem + ((1vw - 0.2rem) * 0.227), 1rem);font-style:normal;font-weight:700\" target=\"_blank\" rel=\"noreferrer noopener\">G\u00e9rer votre entreprise<\/a><\/div>\n<\/div>\n<\/div>\n<\/div>\n<\/div>\n<\/div>\n\n\n\n<hr class=\"wp-block-separator has-alpha-channel-opacity\"\/>\n\n\n\n<p><strong>A lire \u00e9galement : <\/strong><\/p>\n\n\n\n<p><a href=\"https:\/\/www.clic-formalites.com\/blog\/changement-de-nom-commercial\/\" target=\"_blank\" rel=\"noreferrer noopener\">Changement de nom commercial : tout savoir sur la proc\u00e9dure<\/a><\/p>\n\n\n\n<p><a href=\"https:\/\/www.clic-formalites.com\/blog\/commissaire-a-la-transformation\/\" target=\"_blank\" rel=\"noreferrer noopener\">Commissaire \u00e0 la transformation : r\u00f4le, obligations, mode d\u2019emploi<\/a><\/p>\n","protected":false},"excerpt":{"rendered":"<p>Modifier l&rsquo;objet social, transf&eacute;rer le si&egrave;ge ou changer de dirigeant constitue des op&eacute;rations fr&eacute;quentes dans la vie d&rsquo;une soci&eacute;t&eacute;.&nbsp;En 2026, ces formalit&eacute;s suivent une logique commune.&nbsp;En effet, chaque modification repose sur quatre &eacute;tapes : d&eacute;cision des associ&eacute;s, mise &agrave; jour des statuts, publication d&rsquo;une annonce l&eacute;gale et d&eacute;p&ocirc;t du dossier sur le guichet unique. Les [&hellip;]<\/p>\n","protected":false},"author":13,"featured_media":936,"comment_status":"closed","ping_status":"open","sticky":false,"template":"","format":"standard","meta":{"footnotes":""},"categories":[7],"tags":[],"class_list":["post-1533","post","type-post","status-publish","format-standard","has-post-thumbnail","hentry","category-guide-a-lentrepreneur"],"yoast_head":"<!-- This site is optimized with the Yoast SEO plugin v27.5 - https:\/\/yoast.com\/product\/yoast-seo-wordpress\/ -->\n<title>Modification, transfert et changement : g\u00e9rer votre l&#039;entreprise<\/title>\n<meta name=\"description\" content=\"La modification de l\u2019objet social, transf\u00e9rer le si\u00e8ge ou changer de dirigeant constitue des \u00e9tapes complexes, alors voici un petit guide.\" \/>\n<meta name=\"robots\" content=\"index, follow, max-snippet:-1, max-image-preview:large, max-video-preview:-1\" \/>\n<link rel=\"canonical\" href=\"https:\/\/www.clic-formalites.com\/blog\/modification-transfert-changement\/\" \/>\n<meta property=\"og:locale\" content=\"fr_FR\" \/>\n<meta property=\"og:type\" content=\"article\" \/>\n<meta property=\"og:title\" content=\"Modification, transfert et changement : g\u00e9rer votre l&#039;entreprise\" \/>\n<meta property=\"og:description\" content=\"La modification de l\u2019objet social, transf\u00e9rer le si\u00e8ge ou changer de dirigeant constitue des \u00e9tapes complexes, alors voici un petit guide.\" \/>\n<meta property=\"og:url\" content=\"https:\/\/www.clic-formalites.com\/blog\/modification-transfert-changement\/\" \/>\n<meta property=\"og:site_name\" content=\"Clic Formalit\u00e9s, Le Blog\" \/>\n<meta property=\"article:publisher\" content=\"https:\/\/www.facebook.com\/search\/top?q=clicformalits\" \/>\n<meta property=\"article:published_time\" content=\"2026-03-05T16:00:27+00:00\" \/>\n<meta property=\"article:modified_time\" content=\"2026-04-30T15:22:33+00:00\" \/>\n<meta property=\"og:image\" content=\"https:\/\/www.clic-formalites.com\/blog\/wp-content\/uploads\/2014\/11\/austin-distel-gUIJ0YszPig-unsplash.jpg\" \/>\n\t<meta property=\"og:image:width\" content=\"1920\" \/>\n\t<meta property=\"og:image:height\" content=\"1280\" \/>\n\t<meta property=\"og:image:type\" content=\"image\/jpeg\" \/>\n<meta name=\"author\" content=\"ewan\" \/>\n<meta name=\"twitter:card\" content=\"summary_large_image\" \/>\n<meta name=\"twitter:label1\" content=\"\u00c9crit par\" \/>\n\t<meta name=\"twitter:data1\" content=\"ewan\" \/>\n\t<meta name=\"twitter:label2\" content=\"Dur\u00e9e de lecture estim\u00e9e\" \/>\n\t<meta name=\"twitter:data2\" content=\"5 minutes\" \/>\n<script type=\"application\/ld+json\" class=\"yoast-schema-graph\">{\"@context\":\"https:\\\/\\\/schema.org\",\"@graph\":[{\"@type\":[\"Article\",\"BlogPosting\"],\"@id\":\"https:\\\/\\\/www.clic-formalites.com\\\/blog\\\/modification-transfert-changement\\\/#article\",\"isPartOf\":{\"@id\":\"https:\\\/\\\/www.clic-formalites.com\\\/blog\\\/modification-transfert-changement\\\/\"},\"author\":{\"name\":\"ewan\",\"@id\":\"https:\\\/\\\/www.clic-formalites.com\\\/blog\\\/#\\\/schema\\\/person\\\/d1f15c484a663ec5009e83ae26bca506\"},\"headline\":\"Modification d\u2019objet social, transfert de si\u00e8ge, changement de dirigeant : mode d\u2019emploi express\",\"datePublished\":\"2026-03-05T16:00:27+00:00\",\"dateModified\":\"2026-04-30T15:22:33+00:00\",\"mainEntityOfPage\":{\"@id\":\"https:\\\/\\\/www.clic-formalites.com\\\/blog\\\/modification-transfert-changement\\\/\"},\"wordCount\":1074,\"publisher\":{\"@id\":\"https:\\\/\\\/www.clic-formalites.com\\\/blog\\\/#organization\"},\"image\":{\"@id\":\"https:\\\/\\\/www.clic-formalites.com\\\/blog\\\/modification-transfert-changement\\\/#primaryimage\"},\"thumbnailUrl\":\"https:\\\/\\\/www.clic-formalites.com\\\/blog\\\/wp-content\\\/uploads\\\/2014\\\/11\\\/austin-distel-gUIJ0YszPig-unsplash.jpg\",\"articleSection\":[\"Guide de l'Entrepreneur\"],\"inLanguage\":\"fr-FR\"},{\"@type\":\"WebPage\",\"@id\":\"https:\\\/\\\/www.clic-formalites.com\\\/blog\\\/modification-transfert-changement\\\/\",\"url\":\"https:\\\/\\\/www.clic-formalites.com\\\/blog\\\/modification-transfert-changement\\\/\",\"name\":\"Modification, transfert et changement : g\u00e9rer votre l'entreprise\",\"isPartOf\":{\"@id\":\"https:\\\/\\\/www.clic-formalites.com\\\/blog\\\/#website\"},\"primaryImageOfPage\":{\"@id\":\"https:\\\/\\\/www.clic-formalites.com\\\/blog\\\/modification-transfert-changement\\\/#primaryimage\"},\"image\":{\"@id\":\"https:\\\/\\\/www.clic-formalites.com\\\/blog\\\/modification-transfert-changement\\\/#primaryimage\"},\"thumbnailUrl\":\"https:\\\/\\\/www.clic-formalites.com\\\/blog\\\/wp-content\\\/uploads\\\/2014\\\/11\\\/austin-distel-gUIJ0YszPig-unsplash.jpg\",\"datePublished\":\"2026-03-05T16:00:27+00:00\",\"dateModified\":\"2026-04-30T15:22:33+00:00\",\"description\":\"La modification de l\u2019objet social, transf\u00e9rer le si\u00e8ge ou changer de dirigeant constitue des \u00e9tapes complexes, alors voici un petit guide.\",\"breadcrumb\":{\"@id\":\"https:\\\/\\\/www.clic-formalites.com\\\/blog\\\/modification-transfert-changement\\\/#breadcrumb\"},\"inLanguage\":\"fr-FR\",\"potentialAction\":[{\"@type\":\"ReadAction\",\"target\":[\"https:\\\/\\\/www.clic-formalites.com\\\/blog\\\/modification-transfert-changement\\\/\"]}]},{\"@type\":\"ImageObject\",\"inLanguage\":\"fr-FR\",\"@id\":\"https:\\\/\\\/www.clic-formalites.com\\\/blog\\\/modification-transfert-changement\\\/#primaryimage\",\"url\":\"https:\\\/\\\/www.clic-formalites.com\\\/blog\\\/wp-content\\\/uploads\\\/2014\\\/11\\\/austin-distel-gUIJ0YszPig-unsplash.jpg\",\"contentUrl\":\"https:\\\/\\\/www.clic-formalites.com\\\/blog\\\/wp-content\\\/uploads\\\/2014\\\/11\\\/austin-distel-gUIJ0YszPig-unsplash.jpg\",\"width\":1920,\"height\":1280,\"caption\":\"Augmentation de capital\"},{\"@type\":\"BreadcrumbList\",\"@id\":\"https:\\\/\\\/www.clic-formalites.com\\\/blog\\\/modification-transfert-changement\\\/#breadcrumb\",\"itemListElement\":[{\"@type\":\"ListItem\",\"position\":1,\"name\":\"Accueil\",\"item\":\"https:\\\/\\\/www.clic-formalites.com\\\/blog\\\/\"},{\"@type\":\"ListItem\",\"position\":2,\"name\":\"Modification d\u2019objet social, transfert de si\u00e8ge, changement de dirigeant : mode d\u2019emploi express\"}]},{\"@type\":\"WebSite\",\"@id\":\"https:\\\/\\\/www.clic-formalites.com\\\/blog\\\/#website\",\"url\":\"https:\\\/\\\/www.clic-formalites.com\\\/blog\\\/\",\"name\":\"Clic Formalit\u00e9s, Le Blog\",\"description\":\"\",\"publisher\":{\"@id\":\"https:\\\/\\\/www.clic-formalites.com\\\/blog\\\/#organization\"},\"potentialAction\":[{\"@type\":\"SearchAction\",\"target\":{\"@type\":\"EntryPoint\",\"urlTemplate\":\"https:\\\/\\\/www.clic-formalites.com\\\/blog\\\/?s={search_term_string}\"},\"query-input\":{\"@type\":\"PropertyValueSpecification\",\"valueRequired\":true,\"valueName\":\"search_term_string\"}}],\"inLanguage\":\"fr-FR\"},{\"@type\":\"Organization\",\"@id\":\"https:\\\/\\\/www.clic-formalites.com\\\/blog\\\/#organization\",\"name\":\"Clic Formalit\u00e9s, Le Blog\",\"url\":\"https:\\\/\\\/www.clic-formalites.com\\\/blog\\\/\",\"logo\":{\"@type\":\"ImageObject\",\"inLanguage\":\"fr-FR\",\"@id\":\"https:\\\/\\\/www.clic-formalites.com\\\/blog\\\/#\\\/schema\\\/logo\\\/image\\\/\",\"url\":\"https:\\\/\\\/www.clic-formalites.com\\\/blog\\\/wp-content\\\/uploads\\\/2026\\\/01\\\/clic-logo.png\",\"contentUrl\":\"https:\\\/\\\/www.clic-formalites.com\\\/blog\\\/wp-content\\\/uploads\\\/2026\\\/01\\\/clic-logo.png\",\"width\":884,\"height\":329,\"caption\":\"Clic Formalit\u00e9s, Le Blog\"},\"image\":{\"@id\":\"https:\\\/\\\/www.clic-formalites.com\\\/blog\\\/#\\\/schema\\\/logo\\\/image\\\/\"},\"sameAs\":[\"https:\\\/\\\/www.facebook.com\\\/search\\\/top?q=clicformalits\",\"https:\\\/\\\/www.linkedin.com\\\/company\\\/clic-formalits\\\/posts\\\/?feedView=all\"]},{\"@type\":\"Person\",\"@id\":\"https:\\\/\\\/www.clic-formalites.com\\\/blog\\\/#\\\/schema\\\/person\\\/d1f15c484a663ec5009e83ae26bca506\",\"name\":\"ewan\",\"image\":{\"@type\":\"ImageObject\",\"inLanguage\":\"fr-FR\",\"@id\":\"https:\\\/\\\/secure.gravatar.com\\\/avatar\\\/86acc608068396c481d41cf847369f82be80fd38d49bed4dd8705cfe14b2fadc?s=96&d=mm&r=g\",\"url\":\"https:\\\/\\\/secure.gravatar.com\\\/avatar\\\/86acc608068396c481d41cf847369f82be80fd38d49bed4dd8705cfe14b2fadc?s=96&d=mm&r=g\",\"contentUrl\":\"https:\\\/\\\/secure.gravatar.com\\\/avatar\\\/86acc608068396c481d41cf847369f82be80fd38d49bed4dd8705cfe14b2fadc?s=96&d=mm&r=g\",\"caption\":\"ewan\"},\"url\":\"https:\\\/\\\/www.clic-formalites.com\\\/blog\\\/author\\\/ewan\\\/\"}]}<\/script>\n<!-- \/ Yoast SEO plugin. -->","yoast_head_json":{"title":"Modification, transfert et changement : g\u00e9rer votre l'entreprise","description":"La modification de l\u2019objet social, transf\u00e9rer le si\u00e8ge ou changer de dirigeant constitue des \u00e9tapes complexes, alors voici un petit guide.","robots":{"index":"index","follow":"follow","max-snippet":"max-snippet:-1","max-image-preview":"max-image-preview:large","max-video-preview":"max-video-preview:-1"},"canonical":"https:\/\/www.clic-formalites.com\/blog\/modification-transfert-changement\/","og_locale":"fr_FR","og_type":"article","og_title":"Modification, transfert et changement : g\u00e9rer votre l'entreprise","og_description":"La modification de l\u2019objet social, transf\u00e9rer le si\u00e8ge ou changer de dirigeant constitue des \u00e9tapes complexes, alors voici un petit guide.","og_url":"https:\/\/www.clic-formalites.com\/blog\/modification-transfert-changement\/","og_site_name":"Clic Formalit\u00e9s, Le Blog","article_publisher":"https:\/\/www.facebook.com\/search\/top?q=clicformalits","article_published_time":"2026-03-05T16:00:27+00:00","article_modified_time":"2026-04-30T15:22:33+00:00","og_image":[{"width":1920,"height":1280,"url":"https:\/\/www.clic-formalites.com\/blog\/wp-content\/uploads\/2014\/11\/austin-distel-gUIJ0YszPig-unsplash.jpg","type":"image\/jpeg"}],"author":"ewan","twitter_card":"summary_large_image","twitter_misc":{"\u00c9crit par":"ewan","Dur\u00e9e de lecture estim\u00e9e":"5 minutes"},"schema":{"@context":"https:\/\/schema.org","@graph":[{"@type":["Article","BlogPosting"],"@id":"https:\/\/www.clic-formalites.com\/blog\/modification-transfert-changement\/#article","isPartOf":{"@id":"https:\/\/www.clic-formalites.com\/blog\/modification-transfert-changement\/"},"author":{"name":"ewan","@id":"https:\/\/www.clic-formalites.com\/blog\/#\/schema\/person\/d1f15c484a663ec5009e83ae26bca506"},"headline":"Modification d\u2019objet social, transfert de si\u00e8ge, changement de dirigeant : mode d\u2019emploi express","datePublished":"2026-03-05T16:00:27+00:00","dateModified":"2026-04-30T15:22:33+00:00","mainEntityOfPage":{"@id":"https:\/\/www.clic-formalites.com\/blog\/modification-transfert-changement\/"},"wordCount":1074,"publisher":{"@id":"https:\/\/www.clic-formalites.com\/blog\/#organization"},"image":{"@id":"https:\/\/www.clic-formalites.com\/blog\/modification-transfert-changement\/#primaryimage"},"thumbnailUrl":"https:\/\/www.clic-formalites.com\/blog\/wp-content\/uploads\/2014\/11\/austin-distel-gUIJ0YszPig-unsplash.jpg","articleSection":["Guide de l'Entrepreneur"],"inLanguage":"fr-FR"},{"@type":"WebPage","@id":"https:\/\/www.clic-formalites.com\/blog\/modification-transfert-changement\/","url":"https:\/\/www.clic-formalites.com\/blog\/modification-transfert-changement\/","name":"Modification, transfert et changement : g\u00e9rer votre l'entreprise","isPartOf":{"@id":"https:\/\/www.clic-formalites.com\/blog\/#website"},"primaryImageOfPage":{"@id":"https:\/\/www.clic-formalites.com\/blog\/modification-transfert-changement\/#primaryimage"},"image":{"@id":"https:\/\/www.clic-formalites.com\/blog\/modification-transfert-changement\/#primaryimage"},"thumbnailUrl":"https:\/\/www.clic-formalites.com\/blog\/wp-content\/uploads\/2014\/11\/austin-distel-gUIJ0YszPig-unsplash.jpg","datePublished":"2026-03-05T16:00:27+00:00","dateModified":"2026-04-30T15:22:33+00:00","description":"La modification de l\u2019objet social, transf\u00e9rer le si\u00e8ge ou changer de dirigeant constitue des \u00e9tapes complexes, alors voici un petit guide.","breadcrumb":{"@id":"https:\/\/www.clic-formalites.com\/blog\/modification-transfert-changement\/#breadcrumb"},"inLanguage":"fr-FR","potentialAction":[{"@type":"ReadAction","target":["https:\/\/www.clic-formalites.com\/blog\/modification-transfert-changement\/"]}]},{"@type":"ImageObject","inLanguage":"fr-FR","@id":"https:\/\/www.clic-formalites.com\/blog\/modification-transfert-changement\/#primaryimage","url":"https:\/\/www.clic-formalites.com\/blog\/wp-content\/uploads\/2014\/11\/austin-distel-gUIJ0YszPig-unsplash.jpg","contentUrl":"https:\/\/www.clic-formalites.com\/blog\/wp-content\/uploads\/2014\/11\/austin-distel-gUIJ0YszPig-unsplash.jpg","width":1920,"height":1280,"caption":"Augmentation de capital"},{"@type":"BreadcrumbList","@id":"https:\/\/www.clic-formalites.com\/blog\/modification-transfert-changement\/#breadcrumb","itemListElement":[{"@type":"ListItem","position":1,"name":"Accueil","item":"https:\/\/www.clic-formalites.com\/blog\/"},{"@type":"ListItem","position":2,"name":"Modification d\u2019objet social, transfert de si\u00e8ge, changement de dirigeant : mode d\u2019emploi express"}]},{"@type":"WebSite","@id":"https:\/\/www.clic-formalites.com\/blog\/#website","url":"https:\/\/www.clic-formalites.com\/blog\/","name":"Clic Formalit\u00e9s, Le Blog","description":"","publisher":{"@id":"https:\/\/www.clic-formalites.com\/blog\/#organization"},"potentialAction":[{"@type":"SearchAction","target":{"@type":"EntryPoint","urlTemplate":"https:\/\/www.clic-formalites.com\/blog\/?s={search_term_string}"},"query-input":{"@type":"PropertyValueSpecification","valueRequired":true,"valueName":"search_term_string"}}],"inLanguage":"fr-FR"},{"@type":"Organization","@id":"https:\/\/www.clic-formalites.com\/blog\/#organization","name":"Clic Formalit\u00e9s, Le Blog","url":"https:\/\/www.clic-formalites.com\/blog\/","logo":{"@type":"ImageObject","inLanguage":"fr-FR","@id":"https:\/\/www.clic-formalites.com\/blog\/#\/schema\/logo\/image\/","url":"https:\/\/www.clic-formalites.com\/blog\/wp-content\/uploads\/2026\/01\/clic-logo.png","contentUrl":"https:\/\/www.clic-formalites.com\/blog\/wp-content\/uploads\/2026\/01\/clic-logo.png","width":884,"height":329,"caption":"Clic Formalit\u00e9s, Le Blog"},"image":{"@id":"https:\/\/www.clic-formalites.com\/blog\/#\/schema\/logo\/image\/"},"sameAs":["https:\/\/www.facebook.com\/search\/top?q=clicformalits","https:\/\/www.linkedin.com\/company\/clic-formalits\/posts\/?feedView=all"]},{"@type":"Person","@id":"https:\/\/www.clic-formalites.com\/blog\/#\/schema\/person\/d1f15c484a663ec5009e83ae26bca506","name":"ewan","image":{"@type":"ImageObject","inLanguage":"fr-FR","@id":"https:\/\/secure.gravatar.com\/avatar\/86acc608068396c481d41cf847369f82be80fd38d49bed4dd8705cfe14b2fadc?s=96&d=mm&r=g","url":"https:\/\/secure.gravatar.com\/avatar\/86acc608068396c481d41cf847369f82be80fd38d49bed4dd8705cfe14b2fadc?s=96&d=mm&r=g","contentUrl":"https:\/\/secure.gravatar.com\/avatar\/86acc608068396c481d41cf847369f82be80fd38d49bed4dd8705cfe14b2fadc?s=96&d=mm&r=g","caption":"ewan"},"url":"https:\/\/www.clic-formalites.com\/blog\/author\/ewan\/"}]}},"_links":{"self":[{"href":"https:\/\/www.clic-formalites.com\/blog\/wp-json\/wp\/v2\/posts\/1533","targetHints":{"allow":["GET"]}}],"collection":[{"href":"https:\/\/www.clic-formalites.com\/blog\/wp-json\/wp\/v2\/posts"}],"about":[{"href":"https:\/\/www.clic-formalites.com\/blog\/wp-json\/wp\/v2\/types\/post"}],"author":[{"embeddable":true,"href":"https:\/\/www.clic-formalites.com\/blog\/wp-json\/wp\/v2\/users\/13"}],"replies":[{"embeddable":true,"href":"https:\/\/www.clic-formalites.com\/blog\/wp-json\/wp\/v2\/comments?post=1533"}],"version-history":[{"count":7,"href":"https:\/\/www.clic-formalites.com\/blog\/wp-json\/wp\/v2\/posts\/1533\/revisions"}],"predecessor-version":[{"id":1650,"href":"https:\/\/www.clic-formalites.com\/blog\/wp-json\/wp\/v2\/posts\/1533\/revisions\/1650"}],"wp:featuredmedia":[{"embeddable":true,"href":"https:\/\/www.clic-formalites.com\/blog\/wp-json\/wp\/v2\/media\/936"}],"wp:attachment":[{"href":"https:\/\/www.clic-formalites.com\/blog\/wp-json\/wp\/v2\/media?parent=1533"}],"wp:term":[{"taxonomy":"category","embeddable":true,"href":"https:\/\/www.clic-formalites.com\/blog\/wp-json\/wp\/v2\/categories?post=1533"},{"taxonomy":"post_tag","embeddable":true,"href":"https:\/\/www.clic-formalites.com\/blog\/wp-json\/wp\/v2\/tags?post=1533"}],"curies":[{"name":"wp","href":"https:\/\/api.w.org\/{rel}","templated":true}]}}