{"id":1529,"date":"2026-03-06T14:19:43","date_gmt":"2026-03-06T13:19:43","guid":{"rendered":"https:\/\/www.clic-formalites.com\/blog\/?p=1529"},"modified":"2026-04-30T16:22:41","modified_gmt":"2026-04-30T15:22:41","slug":"creer-son-entreprise-en-2026","status":"publish","type":"post","link":"https:\/\/www.clic-formalites.com\/blog\/creer-son-entreprise-en-2026\/","title":{"rendered":"Cr\u00e9er son entreprise en 2026 : les nouvelles r\u00e8gles \u00e0 conna\u00eetre avant de se lancer"},"content":{"rendered":"\n<p>Cr\u00e9er son entreprise en 2026 reste une aventure stimulante.&nbsp;Toutefois, le cadre juridique et administratif a \u00e9volu\u00e9.&nbsp;Outre l\u2019obligation de passer par le guichet unique, les aides ont \u00e9t\u00e9 r\u00e9form\u00e9es et les tarifs des annonces l\u00e9gales ont chang\u00e9.&nbsp;Ainsi, avant de vous lancer, il est essentiel de ma\u00eetriser ces nouvelles r\u00e8gles.<\/p>\n\n\n\n<p><\/p>\n\n\n<ol class=\"simpletoc-list\">\n<li><a href=\"#un-passage-oblige-le-guichet-unique-inpi\">Un passage oblig\u00e9 : le guichet unique INPI<\/a>\n\n<\/li>\n<li><a href=\"#aides-a-la-creation-une-acre-plus-ciblee-en-2026\">Aides \u00e0 la cr\u00e9ation : une ACRE plus cibl\u00e9e en 2026<\/a>\n\n<\/li>\n<li><a href=\"#le-choix-du-statut-une-decision-strategique\">Le choix du statut : une d\u00e9cision strat\u00e9gique<\/a>\n\n<\/li>\n<li><a href=\"#les-annonces-legales-des-tarifs-forfaitaires\">Les annonces l\u00e9gales : des tarifs forfaitaires<\/a>\n\n<\/li>\n<li><a href=\"#frais-de-greffe-et-budget-global\">Frais de greffe et budget global<\/a>\n\n<\/li>\n<li><a href=\"#facturation-electronique-anticiper-des-maintenant\">Facturation \u00e9lectronique : anticiper d\u00e8s maintenant<\/a>\n<\/li><\/ol>\n\n<h2 class=\"wp-block-heading\" id=\"un-passage-oblige-le-guichet-unique-inpi\">Un passage oblig\u00e9 : le guichet unique INPI<\/h2>\n\n\n<p>Depuis 2023, toutes les formalit\u00e9s de cr\u00e9ation s\u2019effectuent en ligne via le Guichet unique g\u00e9r\u00e9 par l\u2019INPI.&nbsp;Autrement dit, les anciens CFE ne traitent plus directement les dossiers.<\/p>\n\n\n\n<p>D\u00e9sormais, que vous cr\u00e9iez une SAS, une SARL, une SCI ou une micro-entreprise, vous devez passer par cette plateforme.<\/p>\n\n\n\n<p>Concr\u00e8tement, la proc\u00e9dure comprend plusieurs \u00e9tapes :<\/p>\n\n\n\n<ul class=\"wp-block-list\">\n<li>d\u2019abord, cr\u00e9er un compte sur le site de l\u2019INPI ;<\/li>\n\n\n\n<li>ensuite, compl\u00e9ter le formulaire (activit\u00e9, si\u00e8ge, dirigeants, options fiscales) ;<\/li>\n\n\n\n<li>puis, t\u00e9l\u00e9verser les pi\u00e8ces justificatives en PDF.<\/li>\n<\/ul>\n\n\n\n<p>En revanche, une fois le dossier sign\u00e9, aucune modification n\u2019est possible.&nbsp;Par cons\u00e9quent, en cas d\u2019erreur, vous devrez attendre une demande de r\u00e9gularisation.<\/p>\n\n\n\n<p><strong>Clic Formalit\u00e9s<\/strong> vous accompagne dans toutes vos d\u00e9marches de cr\u00e9ation d&rsquo;entreprise : Simplicit\u00e9 et efficacit\u00e9 !<\/p>\n\n\n\n<div class=\"wp-block-buttons is-content-justification-center is-layout-flex wp-container-core-buttons-is-layout-a89b3969 wp-block-buttons-is-layout-flex\">\n<div class=\"wp-block-button has-custom-width wp-block-button__width-75\"><a class=\"wp-block-button__link has-light-color has-accent-3-background-color has-text-color has-background has-link-color has-medium-font-size has-custom-font-size wp-element-button\" href=\"https:\/\/www.clic-formalites.com\/creation-entreprise\" style=\"font-style:normal;font-weight:600\" target=\"_blank\" rel=\"noreferrer noopener\">Cr\u00e9ez votre entreprise avec Clic Formalit\u00e9<\/a><\/div>\n<\/div>\n\n\n<h2 class=\"wp-block-heading\" id=\"aides-a-la-creation-une-acre-plus-ciblee-en-2026\">Aides \u00e0 la cr\u00e9ation : une ACRE plus cibl\u00e9e en 2026<\/h2>\n\n\n<p>Depuis le 1er janvier 2026, l\u2019ACRE a \u00e9t\u00e9 r\u00e9form\u00e9e.&nbsp;D\u00e9sormais, elle ne s\u2019applique plus automatiquement. En pratique, vous devez d\u00e9poser une demande aupr\u00e8s de l\u2019URSSAF.&nbsp;De plus, seuls certains profils prioritaires peuvent en b\u00e9n\u00e9ficier.<\/p>\n\n\n\n<p>Sont notamment concern\u00e9s :<\/p>\n\n\n\n<ul class=\"wp-block-list\">\n<li>les demandeurs d\u2019emploi indemnis\u00e9s ou inscrits de longue dur\u00e9e ;<\/li>\n\n\n\n<li>les b\u00e9n\u00e9ficiaires de minima sociaux ;<\/li>\n\n\n\n<li>les jeunes de 18 \u00e0 25 ans (30 ans dans certains cas) ;<\/li>\n\n\n\n<li>les cr\u00e9ateurs implant\u00e9s dans certaines zones prioritaires ;<\/li>\n\n\n\n<li>les salari\u00e9s reprenant une entreprise en difficult\u00e9.<\/li>\n<\/ul>\n\n\n\n<p>Ainsi, l\u2019exon\u00e9ration devient plus cibl\u00e9e.&nbsp;Par cons\u00e9quent, de nombreux cr\u00e9ateurs doivent adapter leur pr\u00e9visionnel financier.<\/p>\n\n\n<h2 class=\"wp-block-heading\" id=\"le-choix-du-statut-une-decision-strategique\">Le choix du statut : une d\u00e9cision strat\u00e9gique<\/h2>\n\n\n<p>En 2026, le choix du statut juridique reste d\u00e9terminant.&nbsp;En effet, il influence votre r\u00e9gime social, votre fiscalit\u00e9 et l\u2019entr\u00e9e \u00e9ventuelle d\u2019associ\u00e9s.<\/p>\n\n\n\n<p>Plusieurs options s\u2019offrent \u00e0 vous.<\/p>\n\n\n\n<ul class=\"wp-block-list\">\n<li><strong>Micro-entreprise ou entreprise individuelle<\/strong>&nbsp;: d\u00e9marches simplifi\u00e9es.&nbsp;Cependant, le chiffre d\u2019affaires reste plafonn\u00e9 selon les typologies.<\/li>\n\n\n\n<li><strong>SASU ou EURL<\/strong>&nbsp;: responsabilit\u00e9 limit\u00e9e et \u00e9volution possible.&nbsp;Ainsi, ce format convient aux projets amen\u00e9s \u00e0 grandir.<\/li>\n\n\n\n<li><strong>SAS ou SARL<\/strong>&nbsp;: structure adapt\u00e9e aux projets ambitieux.&nbsp;De plus, elles facilitent les lev\u00e9es de fonds.<\/li>\n<\/ul>\n\n\n\n<p>Avant tout d\u00e9p\u00f4t, vous devez trancher.&nbsp;En effet, changer de forme juridique par la suite implique de nouvelles formalit\u00e9s et des co\u00fbts suppl\u00e9mentaires qu&rsquo;il est important d&rsquo;anticiper.<\/p>\n\n\n<h2 class=\"wp-block-heading\" id=\"les-annonces-legales-des-tarifs-forfaitaires\">Les annonces l\u00e9gales : des tarifs forfaitaires<\/h2>\n\n\n<p>Pour cr\u00e9er une soci\u00e9t\u00e9, vous devez publier une annonce l\u00e9gale.&nbsp;Ensuite, vous joignez l\u2019attestation de parution \u00e0 votre dossier. Depuis plusieurs ann\u00e9es, le tarif est forfaitaire selon la forme juridique.&nbsp;Ainsi, le prix ne d\u00e9pend plus du nombre de lignes. Les tarifs 2026 ont \u00e9t\u00e9 actualis\u00e9s.&nbsp;Toutefois, ils restent encadr\u00e9s au niveau national.<\/p>\n\n\n\n<p>En pratique, la d\u00e9marche se d\u00e9roule en trois temps :<\/p>\n\n\n\n<ol class=\"wp-block-list\">\n<li>r\u00e9diger l\u2019annonce ;<\/li>\n\n\n\n<li>la publier dans un support habilit\u00e9 ;<\/li>\n\n\n\n<li>r\u00e9cup\u00e9rer l\u2019attestation.<\/li>\n<\/ol>\n\n\n\n<p>Notre partenaire <strong>Mes annonces l\u00e9gales<\/strong> est un service juridique qui permet de publier vos annonces l\u00e9gales d&rsquo;entreprise en quelques clics, au <strong>tarif l\u00e9gal en vigueur<\/strong>.<\/p>\n\n\n\n<div class=\"wp-block-buttons is-content-justification-center is-layout-flex wp-container-core-buttons-is-layout-a89b3969 wp-block-buttons-is-layout-flex\">\n<div class=\"wp-block-button has-custom-width wp-block-button__width-75\"><a class=\"wp-block-button__link has-light-color has-text-color has-background has-link-color has-medium-font-size has-custom-font-size wp-element-button\" href=\"https:\/\/www.mesannonceslegales.fr\" style=\"background-color:#224a92;font-style:normal;font-weight:600\" target=\"_blank\" rel=\"noreferrer noopener\">Publier mon annonce avec Mes Annonces L\u00e9gales<\/a><\/div>\n<\/div>\n\n\n<h2 class=\"wp-block-heading\" id=\"frais-de-greffe-et-budget-global\">Frais de greffe et budget global<\/h2>\n\n\n<p>En plus de l\u2019annonce l\u00e9gale, vous devez pr\u00e9voir les frais d\u2019immatriculation.&nbsp;Par ailleurs, vous pouvez engager des honoraires pour la r\u00e9daction des statuts ou le d\u00e9p\u00f4t de capital.<\/p>\n\n\n\n<p>En 2026, ces frais restent relativement stables.&nbsp;N\u00e9anmoins, certaines \u00e9volutions peuvent intervenir selon la loi de finances.<\/p>\n\n\n\n<p>Au total, pour une SAS ou une SARL, pr\u00e9voyez quelques centaines d\u2019euros de frais administratifs, hors accompagnement.<\/p>\n\n\n<h2 class=\"wp-block-heading\" id=\"facturation-electronique-anticiper-des-maintenant\">Facturation \u00e9lectronique : anticiper d\u00e8s maintenant<\/h2>\n\n\n<p>Si vous cr\u00e9ez votre entreprise en 2026, vous serez rapidement concern\u00e9 par la facturation \u00e9lectronique obligatoire.<\/p>\n\n\n\n<p>Le calendrier pr\u00e9voit :<\/p>\n\n\n\n<ul class=\"wp-block-list\">\n<li>la r\u00e9ception obligatoire des factures \u00e9lectroniques d\u00e8s septembre 2026 ;<\/li>\n\n\n\n<li>l\u2019\u00e9mission obligatoire \u00e0 partir de septembre 2027.<\/li>\n<\/ul>\n\n\n\n<p>D\u00e8s lors, il est strat\u00e9gique de choisir imm\u00e9diatement un outil compatible.&nbsp;Ainsi, vous \u00e9viterez une migration co\u00fbteuse l\u2019ann\u00e9e suivante.<\/p>\n\n\n\n<hr class=\"wp-block-separator has-alpha-channel-opacity\"\/>\n\n\n\n<p><strong>A lire \u00e9galement :<\/strong> <\/p>\n\n\n\n<p><a href=\"https:\/\/www.clic-formalites.com\/blog\/facturation-electronique\/\" target=\"_blank\" rel=\"noreferrer noopener\">Facturation \u00e9lectronique : le grand basculement de 2026<\/a><\/p>\n\n\n\n<p><a href=\"https:\/\/www.clic-formalites.com\/blog\/codenaf\/\" target=\"_blank\" rel=\"noreferrer noopener\">Code NAF : tout ce qu\u2019il faut savoir pour votre entreprise<\/a><\/p>\n\n\n\n<p><a href=\"https:\/\/www.clic-formalites.com\/blog\/guichet-unique-2024-chiffres-impact\/\" target=\"_blank\" rel=\"noreferrer noopener\">Guichet Unique : Les Chiffres Cl\u00e9s de l\u2019Ann\u00e9e 2024 et Impact sur les formalit\u00e9s des Entreprises<\/a><\/p>\n","protected":false},"excerpt":{"rendered":"<p>Cr&eacute;er son entreprise en 2026 reste une aventure stimulante.&nbsp;Toutefois, le cadre juridique et administratif a &eacute;volu&eacute;.&nbsp;Outre l&rsquo;obligation de passer par le guichet unique, les aides ont &eacute;t&eacute; r&eacute;form&eacute;es et les tarifs des annonces l&eacute;gales ont chang&eacute;.&nbsp;Ainsi, avant de vous lancer, il est essentiel de ma&icirc;triser ces nouvelles r&egrave;gles. Un passage oblig&eacute; : le guichet unique [&hellip;]<\/p>\n","protected":false},"author":13,"featured_media":1089,"comment_status":"closed","ping_status":"open","sticky":false,"template":"","format":"standard","meta":{"footnotes":""},"categories":[3],"tags":[],"class_list":["post-1529","post","type-post","status-publish","format-standard","has-post-thumbnail","hentry","category-nouvelles-reformes"],"yoast_head":"<!-- This site is optimized with the Yoast SEO plugin v27.5 - https:\/\/yoast.com\/product\/yoast-seo-wordpress\/ -->\n<title>Cr\u00e9ation d&#039;entreprise 2026 : les nouvelles r\u00e8gles \u00e0 conna\u00eetre<\/title>\n<meta name=\"description\" content=\"Cr\u00e9er son entreprise en 2026 reste une aventure stimulante.\u00a0Toutefois, le cadre juridique et administratif a \u00e9volu\u00e9.\" \/>\n<meta name=\"robots\" content=\"index, follow, max-snippet:-1, max-image-preview:large, max-video-preview:-1\" \/>\n<link rel=\"canonical\" href=\"https:\/\/www.clic-formalites.com\/blog\/creer-son-entreprise-en-2026\/\" \/>\n<meta property=\"og:locale\" content=\"fr_FR\" \/>\n<meta property=\"og:type\" content=\"article\" \/>\n<meta property=\"og:title\" content=\"Cr\u00e9ation d&#039;entreprise 2026 : les nouvelles r\u00e8gles \u00e0 conna\u00eetre\" \/>\n<meta property=\"og:description\" content=\"Cr\u00e9er son entreprise en 2026 reste une aventure stimulante.\u00a0Toutefois, le cadre juridique et administratif a \u00e9volu\u00e9.\" \/>\n<meta property=\"og:url\" content=\"https:\/\/www.clic-formalites.com\/blog\/creer-son-entreprise-en-2026\/\" \/>\n<meta property=\"og:site_name\" content=\"Clic Formalit\u00e9s, Le Blog\" \/>\n<meta property=\"article:publisher\" content=\"https:\/\/www.facebook.com\/search\/top?q=clicformalits\" \/>\n<meta property=\"article:published_time\" content=\"2026-03-06T13:19:43+00:00\" \/>\n<meta property=\"article:modified_time\" content=\"2026-04-30T15:22:41+00:00\" \/>\n<meta property=\"og:image\" content=\"https:\/\/www.clic-formalites.com\/blog\/wp-content\/uploads\/2025\/07\/paul-fiedler-M_S7pim3Hwg-unsplash.jpg\" \/>\n\t<meta property=\"og:image:width\" content=\"1920\" \/>\n\t<meta property=\"og:image:height\" content=\"1280\" \/>\n\t<meta property=\"og:image:type\" content=\"image\/jpeg\" \/>\n<meta name=\"author\" content=\"ewan\" \/>\n<meta name=\"twitter:card\" content=\"summary_large_image\" \/>\n<meta name=\"twitter:label1\" content=\"\u00c9crit par\" \/>\n\t<meta name=\"twitter:data1\" content=\"ewan\" \/>\n\t<meta name=\"twitter:label2\" content=\"Dur\u00e9e de lecture estim\u00e9e\" \/>\n\t<meta name=\"twitter:data2\" content=\"4 minutes\" \/>\n<script type=\"application\/ld+json\" class=\"yoast-schema-graph\">{\"@context\":\"https:\\\/\\\/schema.org\",\"@graph\":[{\"@type\":[\"Article\",\"BlogPosting\"],\"@id\":\"https:\\\/\\\/www.clic-formalites.com\\\/blog\\\/creer-son-entreprise-en-2026\\\/#article\",\"isPartOf\":{\"@id\":\"https:\\\/\\\/www.clic-formalites.com\\\/blog\\\/creer-son-entreprise-en-2026\\\/\"},\"author\":{\"name\":\"ewan\",\"@id\":\"https:\\\/\\\/www.clic-formalites.com\\\/blog\\\/#\\\/schema\\\/person\\\/d1f15c484a663ec5009e83ae26bca506\"},\"headline\":\"Cr\u00e9er son entreprise en 2026 : les nouvelles r\u00e8gles \u00e0 conna\u00eetre avant de se lancer\",\"datePublished\":\"2026-03-06T13:19:43+00:00\",\"dateModified\":\"2026-04-30T15:22:41+00:00\",\"mainEntityOfPage\":{\"@id\":\"https:\\\/\\\/www.clic-formalites.com\\\/blog\\\/creer-son-entreprise-en-2026\\\/\"},\"wordCount\":805,\"publisher\":{\"@id\":\"https:\\\/\\\/www.clic-formalites.com\\\/blog\\\/#organization\"},\"image\":{\"@id\":\"https:\\\/\\\/www.clic-formalites.com\\\/blog\\\/creer-son-entreprise-en-2026\\\/#primaryimage\"},\"thumbnailUrl\":\"https:\\\/\\\/www.clic-formalites.com\\\/blog\\\/wp-content\\\/uploads\\\/2025\\\/07\\\/paul-fiedler-M_S7pim3Hwg-unsplash.jpg\",\"articleSection\":[\"Nouvelles R\u00e9formes\"],\"inLanguage\":\"fr-FR\"},{\"@type\":\"WebPage\",\"@id\":\"https:\\\/\\\/www.clic-formalites.com\\\/blog\\\/creer-son-entreprise-en-2026\\\/\",\"url\":\"https:\\\/\\\/www.clic-formalites.com\\\/blog\\\/creer-son-entreprise-en-2026\\\/\",\"name\":\"Cr\u00e9ation d'entreprise 2026 : les nouvelles r\u00e8gles \u00e0 conna\u00eetre\",\"isPartOf\":{\"@id\":\"https:\\\/\\\/www.clic-formalites.com\\\/blog\\\/#website\"},\"primaryImageOfPage\":{\"@id\":\"https:\\\/\\\/www.clic-formalites.com\\\/blog\\\/creer-son-entreprise-en-2026\\\/#primaryimage\"},\"image\":{\"@id\":\"https:\\\/\\\/www.clic-formalites.com\\\/blog\\\/creer-son-entreprise-en-2026\\\/#primaryimage\"},\"thumbnailUrl\":\"https:\\\/\\\/www.clic-formalites.com\\\/blog\\\/wp-content\\\/uploads\\\/2025\\\/07\\\/paul-fiedler-M_S7pim3Hwg-unsplash.jpg\",\"datePublished\":\"2026-03-06T13:19:43+00:00\",\"dateModified\":\"2026-04-30T15:22:41+00:00\",\"description\":\"Cr\u00e9er son entreprise en 2026 reste une aventure stimulante.\u00a0Toutefois, le cadre juridique et administratif a \u00e9volu\u00e9.\",\"breadcrumb\":{\"@id\":\"https:\\\/\\\/www.clic-formalites.com\\\/blog\\\/creer-son-entreprise-en-2026\\\/#breadcrumb\"},\"inLanguage\":\"fr-FR\",\"potentialAction\":[{\"@type\":\"ReadAction\",\"target\":[\"https:\\\/\\\/www.clic-formalites.com\\\/blog\\\/creer-son-entreprise-en-2026\\\/\"]}]},{\"@type\":\"ImageObject\",\"inLanguage\":\"fr-FR\",\"@id\":\"https:\\\/\\\/www.clic-formalites.com\\\/blog\\\/creer-son-entreprise-en-2026\\\/#primaryimage\",\"url\":\"https:\\\/\\\/www.clic-formalites.com\\\/blog\\\/wp-content\\\/uploads\\\/2025\\\/07\\\/paul-fiedler-M_S7pim3Hwg-unsplash.jpg\",\"contentUrl\":\"https:\\\/\\\/www.clic-formalites.com\\\/blog\\\/wp-content\\\/uploads\\\/2025\\\/07\\\/paul-fiedler-M_S7pim3Hwg-unsplash.jpg\",\"width\":1920,\"height\":1280,\"caption\":\"Cr\u00e9ation d\\\\'entreprise de nettoyage\"},{\"@type\":\"BreadcrumbList\",\"@id\":\"https:\\\/\\\/www.clic-formalites.com\\\/blog\\\/creer-son-entreprise-en-2026\\\/#breadcrumb\",\"itemListElement\":[{\"@type\":\"ListItem\",\"position\":1,\"name\":\"Accueil\",\"item\":\"https:\\\/\\\/www.clic-formalites.com\\\/blog\\\/\"},{\"@type\":\"ListItem\",\"position\":2,\"name\":\"Cr\u00e9er son entreprise en 2026 : les nouvelles r\u00e8gles \u00e0 conna\u00eetre avant de se lancer\"}]},{\"@type\":\"WebSite\",\"@id\":\"https:\\\/\\\/www.clic-formalites.com\\\/blog\\\/#website\",\"url\":\"https:\\\/\\\/www.clic-formalites.com\\\/blog\\\/\",\"name\":\"Clic Formalit\u00e9s, Le Blog\",\"description\":\"\",\"publisher\":{\"@id\":\"https:\\\/\\\/www.clic-formalites.com\\\/blog\\\/#organization\"},\"potentialAction\":[{\"@type\":\"SearchAction\",\"target\":{\"@type\":\"EntryPoint\",\"urlTemplate\":\"https:\\\/\\\/www.clic-formalites.com\\\/blog\\\/?s={search_term_string}\"},\"query-input\":{\"@type\":\"PropertyValueSpecification\",\"valueRequired\":true,\"valueName\":\"search_term_string\"}}],\"inLanguage\":\"fr-FR\"},{\"@type\":\"Organization\",\"@id\":\"https:\\\/\\\/www.clic-formalites.com\\\/blog\\\/#organization\",\"name\":\"Clic Formalit\u00e9s, Le Blog\",\"url\":\"https:\\\/\\\/www.clic-formalites.com\\\/blog\\\/\",\"logo\":{\"@type\":\"ImageObject\",\"inLanguage\":\"fr-FR\",\"@id\":\"https:\\\/\\\/www.clic-formalites.com\\\/blog\\\/#\\\/schema\\\/logo\\\/image\\\/\",\"url\":\"https:\\\/\\\/www.clic-formalites.com\\\/blog\\\/wp-content\\\/uploads\\\/2026\\\/01\\\/clic-logo.png\",\"contentUrl\":\"https:\\\/\\\/www.clic-formalites.com\\\/blog\\\/wp-content\\\/uploads\\\/2026\\\/01\\\/clic-logo.png\",\"width\":884,\"height\":329,\"caption\":\"Clic Formalit\u00e9s, Le Blog\"},\"image\":{\"@id\":\"https:\\\/\\\/www.clic-formalites.com\\\/blog\\\/#\\\/schema\\\/logo\\\/image\\\/\"},\"sameAs\":[\"https:\\\/\\\/www.facebook.com\\\/search\\\/top?q=clicformalits\",\"https:\\\/\\\/www.linkedin.com\\\/company\\\/clic-formalits\\\/posts\\\/?feedView=all\"]},{\"@type\":\"Person\",\"@id\":\"https:\\\/\\\/www.clic-formalites.com\\\/blog\\\/#\\\/schema\\\/person\\\/d1f15c484a663ec5009e83ae26bca506\",\"name\":\"ewan\",\"image\":{\"@type\":\"ImageObject\",\"inLanguage\":\"fr-FR\",\"@id\":\"https:\\\/\\\/secure.gravatar.com\\\/avatar\\\/86acc608068396c481d41cf847369f82be80fd38d49bed4dd8705cfe14b2fadc?s=96&d=mm&r=g\",\"url\":\"https:\\\/\\\/secure.gravatar.com\\\/avatar\\\/86acc608068396c481d41cf847369f82be80fd38d49bed4dd8705cfe14b2fadc?s=96&d=mm&r=g\",\"contentUrl\":\"https:\\\/\\\/secure.gravatar.com\\\/avatar\\\/86acc608068396c481d41cf847369f82be80fd38d49bed4dd8705cfe14b2fadc?s=96&d=mm&r=g\",\"caption\":\"ewan\"},\"url\":\"https:\\\/\\\/www.clic-formalites.com\\\/blog\\\/author\\\/ewan\\\/\"}]}<\/script>\n<!-- \/ Yoast SEO plugin. -->","yoast_head_json":{"title":"Cr\u00e9ation d'entreprise 2026 : les nouvelles r\u00e8gles \u00e0 conna\u00eetre","description":"Cr\u00e9er son entreprise en 2026 reste une aventure stimulante.\u00a0Toutefois, le cadre juridique et administratif a \u00e9volu\u00e9.","robots":{"index":"index","follow":"follow","max-snippet":"max-snippet:-1","max-image-preview":"max-image-preview:large","max-video-preview":"max-video-preview:-1"},"canonical":"https:\/\/www.clic-formalites.com\/blog\/creer-son-entreprise-en-2026\/","og_locale":"fr_FR","og_type":"article","og_title":"Cr\u00e9ation d'entreprise 2026 : les nouvelles r\u00e8gles \u00e0 conna\u00eetre","og_description":"Cr\u00e9er son entreprise en 2026 reste une aventure stimulante.\u00a0Toutefois, le cadre juridique et administratif a \u00e9volu\u00e9.","og_url":"https:\/\/www.clic-formalites.com\/blog\/creer-son-entreprise-en-2026\/","og_site_name":"Clic Formalit\u00e9s, Le Blog","article_publisher":"https:\/\/www.facebook.com\/search\/top?q=clicformalits","article_published_time":"2026-03-06T13:19:43+00:00","article_modified_time":"2026-04-30T15:22:41+00:00","og_image":[{"width":1920,"height":1280,"url":"https:\/\/www.clic-formalites.com\/blog\/wp-content\/uploads\/2025\/07\/paul-fiedler-M_S7pim3Hwg-unsplash.jpg","type":"image\/jpeg"}],"author":"ewan","twitter_card":"summary_large_image","twitter_misc":{"\u00c9crit par":"ewan","Dur\u00e9e de lecture estim\u00e9e":"4 minutes"},"schema":{"@context":"https:\/\/schema.org","@graph":[{"@type":["Article","BlogPosting"],"@id":"https:\/\/www.clic-formalites.com\/blog\/creer-son-entreprise-en-2026\/#article","isPartOf":{"@id":"https:\/\/www.clic-formalites.com\/blog\/creer-son-entreprise-en-2026\/"},"author":{"name":"ewan","@id":"https:\/\/www.clic-formalites.com\/blog\/#\/schema\/person\/d1f15c484a663ec5009e83ae26bca506"},"headline":"Cr\u00e9er son entreprise en 2026 : les nouvelles r\u00e8gles \u00e0 conna\u00eetre avant de se lancer","datePublished":"2026-03-06T13:19:43+00:00","dateModified":"2026-04-30T15:22:41+00:00","mainEntityOfPage":{"@id":"https:\/\/www.clic-formalites.com\/blog\/creer-son-entreprise-en-2026\/"},"wordCount":805,"publisher":{"@id":"https:\/\/www.clic-formalites.com\/blog\/#organization"},"image":{"@id":"https:\/\/www.clic-formalites.com\/blog\/creer-son-entreprise-en-2026\/#primaryimage"},"thumbnailUrl":"https:\/\/www.clic-formalites.com\/blog\/wp-content\/uploads\/2025\/07\/paul-fiedler-M_S7pim3Hwg-unsplash.jpg","articleSection":["Nouvelles R\u00e9formes"],"inLanguage":"fr-FR"},{"@type":"WebPage","@id":"https:\/\/www.clic-formalites.com\/blog\/creer-son-entreprise-en-2026\/","url":"https:\/\/www.clic-formalites.com\/blog\/creer-son-entreprise-en-2026\/","name":"Cr\u00e9ation d'entreprise 2026 : les nouvelles r\u00e8gles \u00e0 conna\u00eetre","isPartOf":{"@id":"https:\/\/www.clic-formalites.com\/blog\/#website"},"primaryImageOfPage":{"@id":"https:\/\/www.clic-formalites.com\/blog\/creer-son-entreprise-en-2026\/#primaryimage"},"image":{"@id":"https:\/\/www.clic-formalites.com\/blog\/creer-son-entreprise-en-2026\/#primaryimage"},"thumbnailUrl":"https:\/\/www.clic-formalites.com\/blog\/wp-content\/uploads\/2025\/07\/paul-fiedler-M_S7pim3Hwg-unsplash.jpg","datePublished":"2026-03-06T13:19:43+00:00","dateModified":"2026-04-30T15:22:41+00:00","description":"Cr\u00e9er son entreprise en 2026 reste une aventure stimulante.\u00a0Toutefois, le cadre juridique et administratif a \u00e9volu\u00e9.","breadcrumb":{"@id":"https:\/\/www.clic-formalites.com\/blog\/creer-son-entreprise-en-2026\/#breadcrumb"},"inLanguage":"fr-FR","potentialAction":[{"@type":"ReadAction","target":["https:\/\/www.clic-formalites.com\/blog\/creer-son-entreprise-en-2026\/"]}]},{"@type":"ImageObject","inLanguage":"fr-FR","@id":"https:\/\/www.clic-formalites.com\/blog\/creer-son-entreprise-en-2026\/#primaryimage","url":"https:\/\/www.clic-formalites.com\/blog\/wp-content\/uploads\/2025\/07\/paul-fiedler-M_S7pim3Hwg-unsplash.jpg","contentUrl":"https:\/\/www.clic-formalites.com\/blog\/wp-content\/uploads\/2025\/07\/paul-fiedler-M_S7pim3Hwg-unsplash.jpg","width":1920,"height":1280,"caption":"Cr\u00e9ation d\\'entreprise de nettoyage"},{"@type":"BreadcrumbList","@id":"https:\/\/www.clic-formalites.com\/blog\/creer-son-entreprise-en-2026\/#breadcrumb","itemListElement":[{"@type":"ListItem","position":1,"name":"Accueil","item":"https:\/\/www.clic-formalites.com\/blog\/"},{"@type":"ListItem","position":2,"name":"Cr\u00e9er son entreprise en 2026 : les nouvelles r\u00e8gles \u00e0 conna\u00eetre avant de se lancer"}]},{"@type":"WebSite","@id":"https:\/\/www.clic-formalites.com\/blog\/#website","url":"https:\/\/www.clic-formalites.com\/blog\/","name":"Clic Formalit\u00e9s, Le Blog","description":"","publisher":{"@id":"https:\/\/www.clic-formalites.com\/blog\/#organization"},"potentialAction":[{"@type":"SearchAction","target":{"@type":"EntryPoint","urlTemplate":"https:\/\/www.clic-formalites.com\/blog\/?s={search_term_string}"},"query-input":{"@type":"PropertyValueSpecification","valueRequired":true,"valueName":"search_term_string"}}],"inLanguage":"fr-FR"},{"@type":"Organization","@id":"https:\/\/www.clic-formalites.com\/blog\/#organization","name":"Clic Formalit\u00e9s, Le Blog","url":"https:\/\/www.clic-formalites.com\/blog\/","logo":{"@type":"ImageObject","inLanguage":"fr-FR","@id":"https:\/\/www.clic-formalites.com\/blog\/#\/schema\/logo\/image\/","url":"https:\/\/www.clic-formalites.com\/blog\/wp-content\/uploads\/2026\/01\/clic-logo.png","contentUrl":"https:\/\/www.clic-formalites.com\/blog\/wp-content\/uploads\/2026\/01\/clic-logo.png","width":884,"height":329,"caption":"Clic Formalit\u00e9s, Le Blog"},"image":{"@id":"https:\/\/www.clic-formalites.com\/blog\/#\/schema\/logo\/image\/"},"sameAs":["https:\/\/www.facebook.com\/search\/top?q=clicformalits","https:\/\/www.linkedin.com\/company\/clic-formalits\/posts\/?feedView=all"]},{"@type":"Person","@id":"https:\/\/www.clic-formalites.com\/blog\/#\/schema\/person\/d1f15c484a663ec5009e83ae26bca506","name":"ewan","image":{"@type":"ImageObject","inLanguage":"fr-FR","@id":"https:\/\/secure.gravatar.com\/avatar\/86acc608068396c481d41cf847369f82be80fd38d49bed4dd8705cfe14b2fadc?s=96&d=mm&r=g","url":"https:\/\/secure.gravatar.com\/avatar\/86acc608068396c481d41cf847369f82be80fd38d49bed4dd8705cfe14b2fadc?s=96&d=mm&r=g","contentUrl":"https:\/\/secure.gravatar.com\/avatar\/86acc608068396c481d41cf847369f82be80fd38d49bed4dd8705cfe14b2fadc?s=96&d=mm&r=g","caption":"ewan"},"url":"https:\/\/www.clic-formalites.com\/blog\/author\/ewan\/"}]}},"_links":{"self":[{"href":"https:\/\/www.clic-formalites.com\/blog\/wp-json\/wp\/v2\/posts\/1529","targetHints":{"allow":["GET"]}}],"collection":[{"href":"https:\/\/www.clic-formalites.com\/blog\/wp-json\/wp\/v2\/posts"}],"about":[{"href":"https:\/\/www.clic-formalites.com\/blog\/wp-json\/wp\/v2\/types\/post"}],"author":[{"embeddable":true,"href":"https:\/\/www.clic-formalites.com\/blog\/wp-json\/wp\/v2\/users\/13"}],"replies":[{"embeddable":true,"href":"https:\/\/www.clic-formalites.com\/blog\/wp-json\/wp\/v2\/comments?post=1529"}],"version-history":[{"count":11,"href":"https:\/\/www.clic-formalites.com\/blog\/wp-json\/wp\/v2\/posts\/1529\/revisions"}],"predecessor-version":[{"id":1645,"href":"https:\/\/www.clic-formalites.com\/blog\/wp-json\/wp\/v2\/posts\/1529\/revisions\/1645"}],"wp:featuredmedia":[{"embeddable":true,"href":"https:\/\/www.clic-formalites.com\/blog\/wp-json\/wp\/v2\/media\/1089"}],"wp:attachment":[{"href":"https:\/\/www.clic-formalites.com\/blog\/wp-json\/wp\/v2\/media?parent=1529"}],"wp:term":[{"taxonomy":"category","embeddable":true,"href":"https:\/\/www.clic-formalites.com\/blog\/wp-json\/wp\/v2\/categories?post=1529"},{"taxonomy":"post_tag","embeddable":true,"href":"https:\/\/www.clic-formalites.com\/blog\/wp-json\/wp\/v2\/tags?post=1529"}],"curies":[{"name":"wp","href":"https:\/\/api.w.org\/{rel}","templated":true}]}}