{"id":1460,"date":"2026-02-26T14:55:37","date_gmt":"2026-02-26T13:55:37","guid":{"rendered":"https:\/\/www.clic-formalites.com\/blog\/?p=1460"},"modified":"2026-04-30T16:22:16","modified_gmt":"2026-04-30T15:22:16","slug":"facturation-electronique","status":"publish","type":"post","link":"https:\/\/www.clic-formalites.com\/blog\/facturation-electronique\/","title":{"rendered":"Facturation \u00e9lectronique : le grand basculement de 2026"},"content":{"rendered":"\n<p>La facturation \u00e9lectronique va devenir la norme pour toutes les entreprises assujetties \u00e0 la TVA, avec une g\u00e9n\u00e9ralisation entre 2026 et 2027. Toutefois, cette r\u00e9forme n\u2019impactera pas de la m\u00eame mani\u00e8re une PME structur\u00e9e et un micro-entrepreneur qui facture encore avec Word ou Excel.<\/p>\n\n\n\n<p><\/p>\n\n\n<ol class=\"simpletoc-list\">\n<li><a href=\"#de-quoi-parleton-einvoicing-et-ereporting\">De quoi parle-t-on : e-invoicing et e-reporting<\/a>\n\n<\/li>\n<li><a href=\"#le-role-du-portail-public-de-facturation-ppf\">Le r\u00f4le du Portail Public de Facturation (PPF)<\/a>\n\n<\/li>\n<li><a href=\"#calendrier-les-grandes-etapes-20262027\">Calendrier : les grandes \u00e9tapes 2026-2027<\/a>\n\n<\/li>\n<li><a href=\"#ce-que-cela-change-pour-les-entreprises-classiques\">Ce que cela change pour les entreprises \u00ab classiques \u00bb<\/a>\n\n<\/li>\n<li><a href=\"#specificites-et-impacts-pour-les-microentrepreneurs\">Sp\u00e9cificit\u00e9s et impacts pour les micro-entrepreneurs<\/a>\n\n<\/li>\n<li><a href=\"#une-meme-reforme-des-realites-differentes\">Une m\u00eame r\u00e9forme, des r\u00e9alit\u00e9s diff\u00e9rentes<\/a>\n<\/li><\/ol>\n\n<h2 class=\"wp-block-heading\" id=\"de-quoi-parleton-einvoicing-et-ereporting\">De quoi parle-t-on : e-invoicing et e-reporting<\/h2>\n\n\n<p>La <a href=\"https:\/\/www.impots.gouv.fr\/professionnel\/la-facturation-electronique-quest-ce-que-ca-change-pour-moi\" target=\"_blank\" rel=\"noreferrer noopener\">r\u00e9forme<\/a> repose sur deux piliers.<\/p>\n\n\n\n<p>Avec l\u2019e-invoicing, les entreprises ne pourront plus \u00e9changer librement leurs factures B2B domestiques en PDF par mail. Elles devront utiliser <a href=\"https:\/\/www.impots.gouv.fr\/je-consulte-la-liste-des-plateformes-agreees\" id=\"https:\/\/www.impots.gouv.fr\/je-consulte-la-liste-des-plateformes-agreees\">des plateformes certifi\u00e9es<\/a> et adopter un format structur\u00e9 (Factur-X, UBL, CII).<\/p>\n\n\n\n<p>Concernant l\u2019e-reporting, certaines donn\u00e9es de facturation et, dans certains cas, de paiement devront \u00eatre transmises \u00e0 l\u2019administration fiscale. Cette transmission vise \u00e0 am\u00e9liorer le contr\u00f4le et le pr\u00e9-remplissage des d\u00e9clarations de TVA.<\/p>\n\n\n\n<p>Concr\u00e8tement, un interm\u00e9diaire num\u00e9rique (plateforme partenaire ou solution connect\u00e9e) deviendra indispensable afin de garantir la conformit\u00e9 des factures et leur transmission \u00e0 l\u2019administration.<\/p>\n\n\n<h2 class=\"wp-block-heading\" id=\"le-role-du-portail-public-de-facturation-ppf\">Le r\u00f4le du Portail Public de Facturation (PPF)<\/h2>\n\n\n<p>Aujourd\u2019hui, le r\u00f4le initialement donn\u00e9 au Portail Public de Facturation \u00e9volue. Il remplira ainsi deux missions principales :<\/p>\n\n\n\n<ul class=\"wp-block-list\">\n<li>D\u2019une part, il <strong>concentre et transmet les donn\u00e9es obligatoires<\/strong>. Il recueille, via les plateformes partenaires, les donn\u00e9es extraites des factures, des transactions et des paiements. Ensuite, il les transmet au syst\u00e8me d\u2019information de l\u2019administration fiscale.<\/li>\n\n\n\n<li>D\u2019autre part, il <strong><a href=\"https:\/\/www.impots.gouv.fr\/je-consulte-la-liste-des-plateformes-agreees\">administre l\u2019annuaire central des plateformes agr\u00e9\u00e9es<\/a><\/strong>. Il maintient \u00e0 jour la liste des acteurs (entreprises, plateformes et entit\u00e9s publiques). Ainsi, les entreprises et entrepreneurs pourront trouver des partenaires reconnus pour leurs d\u00e9marches d&rsquo;\u00e9mission et r\u00e9ception des factures.<\/li>\n<\/ul>\n\n\n\n<p>Par cons\u00e9quent, les entreprises devront passer par une Plateforme de D\u00e9mat\u00e9rialisation Partenaire (PDP) ou une autre solution agr\u00e9\u00e9e. Celle-ci communiquera ensuite avec le PPF.<\/p>\n\n\n<h2 class=\"wp-block-heading\" id=\"calendrier-les-grandes-etapes-20262027\">Calendrier : les grandes \u00e9tapes 2026-2027<\/h2>\n\n\n<p>Le d\u00e9ploiement sera progressif et d\u00e9pendra de la taille des entreprises.<\/p>\n\n\n\n<p>\u00c0 partir du 1er septembre 2026 :<\/p>\n\n\n\n<ul class=\"wp-block-list\">\n<li>toutes les entreprises assujetties \u00e0 la TVA devront \u00eatre capables de recevoir des factures \u00e9lectroniques via une plateforme agr\u00e9\u00e9e ;<\/li>\n\n\n\n<li>les grandes entreprises et les ETI devront \u00e9galement \u00e9mettre leurs factures \u00e9lectroniques via ces plateformes.<\/li>\n<\/ul>\n\n\n\n<p>\u00c0 partir du 1er septembre 2027 :<\/p>\n\n\n\n<ul class=\"wp-block-list\">\n<li>les PME, TPE et micro-entrepreneurs devront \u00e0 leur tour \u00e9mettre des factures \u00e9lectroniques.<\/li>\n<\/ul>\n\n\n\n<p>M\u00eame les micro-entreprises en franchise de TVA devront recevoir puis \u00e9mettre leurs factures dans les circuits \u00e9lectroniques, m\u00eame sans collecte de TVA.<\/p>\n\n\n<h2 class=\"wp-block-heading\" id=\"ce-que-cela-change-pour-les-entreprises-classiques\">Ce que cela change pour les entreprises \u00ab classiques \u00bb<\/h2>\n\n\n<p>Pour les soci\u00e9t\u00e9s d\u00e9j\u00e0 structur\u00e9es (SARL, SAS, SA, etc.), l\u2019enjeu reste surtout organisationnel et informatique.<\/p>\n\n\n\n<p>Les principaux chantiers :<\/p>\n\n\n\n<ul class=\"wp-block-list\">\n<li>Choisir une ou plusieurs plateformes : plateforme de d\u00e9mat\u00e9rialisation partenaire ou solution int\u00e9gr\u00e9e par l\u2019\u00e9diteur de l\u2019ERP ou du logiciel de facturation.<\/li>\n\n\n\n<li>Adapter les processus internes : validation des factures, gestion des avoirs, rapprochement comptable et flux B2B, B2C ou internationaux doivent s\u2019aligner sur des flux enti\u00e8rement d\u00e9mat\u00e9rialis\u00e9s.<\/li>\n\n\n\n<li>Qualifier les donn\u00e9es : il faut fiabiliser les bases clients (SIREN, SIRET, adresses d\u2019acheminement), les taux de TVA et les libell\u00e9s. Les formats structur\u00e9s ne tol\u00e8rent pas les approximations.<\/li>\n\n\n\n<li>Organiser l\u2019e-reporting : il convient de d\u00e9signer en interne le responsable des remont\u00e9es de donn\u00e9es non couvertes par l\u2019e-invoicing.<\/li>\n<\/ul>\n\n\n\n<p>Pour ces entreprises, la r\u00e9forme offre l\u2019occasion de moderniser la cha\u00eene de facturation. Elle permet aussi d\u2019automatiser la comptabilit\u00e9 fournisseur et client. En parall\u00e8le, elle r\u00e9duit les risques d\u2019erreurs de TVA. Toutefois, elle implique un v\u00e9ritable projet de mise en conformit\u00e9.<\/p>\n\n\n<h2 class=\"wp-block-heading\" id=\"specificites-et-impacts-pour-les-microentrepreneurs\">Sp\u00e9cificit\u00e9s et impacts pour les micro-entrepreneurs<\/h2>\n\n\n<p>Les micro-entrepreneurs suivent la m\u00eame logique, mais leurs besoins diff\u00e8rent fortement.<\/p>\n\n\n\n<p>Leur calendrier reste identique pour la r\u00e9ception (2026) et d\u00e9cal\u00e9 pour l\u2019\u00e9mission (2027). Cependant, les enjeux demeurent surtout pratiques.Ils devront abandonner la facturation \u00ab maison \u00bb (Word, Excel ou papier) au profit d\u2019un outil compatible avec l\u2019e-facturation, reli\u00e9 \u00e0 une plateforme agr\u00e9\u00e9e.En parall\u00e8le, ils devront respecter les mentions obligatoires, la num\u00e9rotation continue et l\u2019archivage num\u00e9rique. Pourtant, ils ne disposent souvent pas de service administratif d\u00e9di\u00e9.<\/p>\n\n\n\n<p>Enfin, les r\u00e8gles s\u2019appliqueront malgr\u00e9 la franchise de TVA. La forme des factures et leur transmission dans les circuits \u00e9lectroniques deviennent obligatoires, m\u00eame sans collecte de TVA.<\/p>\n\n\n\n<p>En cas de non-respect (factures non \u00e9lectroniques ou donn\u00e9es non transmises), ils s\u2019exposent \u00e0 des amendes forfaitaires par facture. Des plafonds annuels s\u2019appliquent. Le risque de contr\u00f4le renforc\u00e9 augmente \u00e9galement.<\/p>\n\n\n\n<p>Pour beaucoup de micro-entreprises, le principal d\u00e9fi consiste \u00e0 trouver un outil simple, peu co\u00fbteux et conforme, sans complexifier la gestion quotidienne.<\/p>\n\n\n<h2 class=\"wp-block-heading\" id=\"une-meme-reforme-des-realites-differentes\">Une m\u00eame r\u00e9forme, des r\u00e9alit\u00e9s diff\u00e9rentes<\/h2>\n\n\n<p>Au final, la r\u00e9forme s\u2019applique \u00e0 toutes les entreprises assujetties \u00e0 la TVA, mais son impact varie selon leur taille.<\/p>\n\n\n\n<p>Pour les TPE, PME et groupes, il s\u2019agit d\u2019un v\u00e9ritable projet de transformation num\u00e9rique. Celui-ci implique le choix des plateformes, la refonte des processus, l\u2019int\u00e9gration avec l\u2019ERP et la s\u00e9curisation des donn\u00e9es.<\/p>\n\n\n\n<p>Chez les micro-entrepreneurs, le changement reste surtout culturel. Ils doivent adopter une facturation structur\u00e9e et trac\u00e9e, sans perdre la simplicit\u00e9 propre \u00e0 leur statut.<\/p>\n\n\n\n<p>Dans tous les cas, un \u00e9l\u00e9ment cl\u00e9 doit \u00eatre int\u00e9gr\u00e9 : le PPF ne constitue pas un guichet gratuit pour d\u00e9poser ses factures. Il sera l\u2019infrastructure centrale qui collecte les donn\u00e9es et g\u00e8re l\u2019annuaire, en lien avec les plateformes choisies. Viser une mise en conformit\u00e9 d\u00e8s 2026 permet de tester les outils, de former les \u00e9quipes et d\u2019\u00e9viter les mauvaises surprises lorsque l\u2019obligation d\u2019\u00e9mission deviendra effective pour tous.<\/p>\n\n\n\n<p><\/p>\n\n\n\n<p><strong>Ces articles pourraient aussi vous int\u00e9resser :&nbsp;<\/strong><\/p>\n\n\n\n<p><a href=\"https:\/\/www.clic-formalites.com\/blog\/depot-des-comptes\/\" id=\"https:\/\/www.clic-formalites.com\/blog\/depot-des-comptes\/\" target=\"_blank\" rel=\"noreferrer noopener\">D\u00e9p\u00f4t des comptes annuels : obligations, proc\u00e9dure et risques<\/a><\/p>\n\n\n\n<p><a href=\"https:\/\/www.clic-formalites.com\/blog\/avis-siren\/\" target=\"_blank\" rel=\"noreferrer noopener\">Avis siren : tout ce qu\u2019un entrepreneur doit savoir<\/a><\/p>\n\n\n\n<p><\/p>\n","protected":false},"excerpt":{"rendered":"<p>La facturation &eacute;lectronique va devenir la norme pour toutes les entreprises assujetties &agrave; la TVA, avec une g&eacute;n&eacute;ralisation entre 2026 et 2027. Toutefois, cette r&eacute;forme n&rsquo;impactera pas de la m&ecirc;me mani&egrave;re une PME structur&eacute;e et un micro-entrepreneur qui facture encore avec Word ou Excel. De quoi parle-t-on : e-invoicing et e-reporting La r&eacute;forme repose sur [&hellip;]<\/p>\n","protected":false},"author":13,"featured_media":1487,"comment_status":"closed","ping_status":"open","sticky":false,"template":"","format":"standard","meta":{"footnotes":""},"categories":[7],"tags":[],"class_list":["post-1460","post","type-post","status-publish","format-standard","has-post-thumbnail","hentry","category-guide-a-lentrepreneur"],"yoast_head":"<!-- This site is optimized with the Yoast SEO plugin v27.5 - https:\/\/yoast.com\/product\/yoast-seo-wordpress\/ -->\n<title>Facturation \u00e9lectronique : le grand basculement de 2026<\/title>\n<meta name=\"description\" content=\"La facturation \u00e9lectronique sera progressivement obligatoire d\u00e8s septembre 2026 pour toutes les entreprises soumises \u00e0 la TVA.\" \/>\n<meta name=\"robots\" content=\"index, follow, max-snippet:-1, max-image-preview:large, max-video-preview:-1\" \/>\n<link rel=\"canonical\" href=\"https:\/\/www.clic-formalites.com\/blog\/facturation-electronique\/\" \/>\n<meta property=\"og:locale\" content=\"fr_FR\" \/>\n<meta property=\"og:type\" content=\"article\" \/>\n<meta property=\"og:title\" content=\"Facturation \u00e9lectronique : le grand basculement de 2026\" \/>\n<meta property=\"og:description\" content=\"La facturation \u00e9lectronique sera progressivement obligatoire d\u00e8s septembre 2026 pour toutes les entreprises soumises \u00e0 la TVA.\" \/>\n<meta property=\"og:url\" content=\"https:\/\/www.clic-formalites.com\/blog\/facturation-electronique\/\" \/>\n<meta property=\"og:site_name\" content=\"Clic Formalit\u00e9s, Le Blog\" \/>\n<meta property=\"article:publisher\" content=\"https:\/\/www.facebook.com\/search\/top?q=clicformalits\" \/>\n<meta property=\"article:published_time\" content=\"2026-02-26T13:55:37+00:00\" \/>\n<meta property=\"article:modified_time\" content=\"2026-04-30T15:22:16+00:00\" \/>\n<meta property=\"og:image\" content=\"https:\/\/www.clic-formalites.com\/blog\/wp-content\/uploads\/2026\/02\/fin-0rHxkbcvQAE-unsplash-scaled.jpg\" \/>\n\t<meta property=\"og:image:width\" content=\"2560\" \/>\n\t<meta property=\"og:image:height\" content=\"2006\" \/>\n\t<meta property=\"og:image:type\" content=\"image\/jpeg\" \/>\n<meta name=\"author\" content=\"ewan\" \/>\n<meta name=\"twitter:card\" content=\"summary_large_image\" \/>\n<meta name=\"twitter:label1\" content=\"\u00c9crit par\" \/>\n\t<meta name=\"twitter:data1\" content=\"ewan\" \/>\n\t<meta name=\"twitter:label2\" content=\"Dur\u00e9e de lecture estim\u00e9e\" \/>\n\t<meta name=\"twitter:data2\" content=\"5 minutes\" \/>\n<script type=\"application\/ld+json\" class=\"yoast-schema-graph\">{\"@context\":\"https:\\\/\\\/schema.org\",\"@graph\":[{\"@type\":[\"Article\",\"BlogPosting\"],\"@id\":\"https:\\\/\\\/www.clic-formalites.com\\\/blog\\\/facturation-electronique\\\/#article\",\"isPartOf\":{\"@id\":\"https:\\\/\\\/www.clic-formalites.com\\\/blog\\\/facturation-electronique\\\/\"},\"author\":{\"name\":\"ewan\",\"@id\":\"https:\\\/\\\/www.clic-formalites.com\\\/blog\\\/#\\\/schema\\\/person\\\/d1f15c484a663ec5009e83ae26bca506\"},\"headline\":\"Facturation \u00e9lectronique : le grand basculement de 2026\",\"datePublished\":\"2026-02-26T13:55:37+00:00\",\"dateModified\":\"2026-04-30T15:22:16+00:00\",\"mainEntityOfPage\":{\"@id\":\"https:\\\/\\\/www.clic-formalites.com\\\/blog\\\/facturation-electronique\\\/\"},\"wordCount\":981,\"publisher\":{\"@id\":\"https:\\\/\\\/www.clic-formalites.com\\\/blog\\\/#organization\"},\"image\":{\"@id\":\"https:\\\/\\\/www.clic-formalites.com\\\/blog\\\/facturation-electronique\\\/#primaryimage\"},\"thumbnailUrl\":\"https:\\\/\\\/www.clic-formalites.com\\\/blog\\\/wp-content\\\/uploads\\\/2026\\\/02\\\/fin-0rHxkbcvQAE-unsplash-scaled.jpg\",\"articleSection\":[\"Guide de l'Entrepreneur\"],\"inLanguage\":\"fr-FR\"},{\"@type\":\"WebPage\",\"@id\":\"https:\\\/\\\/www.clic-formalites.com\\\/blog\\\/facturation-electronique\\\/\",\"url\":\"https:\\\/\\\/www.clic-formalites.com\\\/blog\\\/facturation-electronique\\\/\",\"name\":\"Facturation \u00e9lectronique : le grand basculement de 2026\",\"isPartOf\":{\"@id\":\"https:\\\/\\\/www.clic-formalites.com\\\/blog\\\/#website\"},\"primaryImageOfPage\":{\"@id\":\"https:\\\/\\\/www.clic-formalites.com\\\/blog\\\/facturation-electronique\\\/#primaryimage\"},\"image\":{\"@id\":\"https:\\\/\\\/www.clic-formalites.com\\\/blog\\\/facturation-electronique\\\/#primaryimage\"},\"thumbnailUrl\":\"https:\\\/\\\/www.clic-formalites.com\\\/blog\\\/wp-content\\\/uploads\\\/2026\\\/02\\\/fin-0rHxkbcvQAE-unsplash-scaled.jpg\",\"datePublished\":\"2026-02-26T13:55:37+00:00\",\"dateModified\":\"2026-04-30T15:22:16+00:00\",\"description\":\"La facturation \u00e9lectronique sera progressivement obligatoire d\u00e8s septembre 2026 pour toutes les entreprises soumises \u00e0 la TVA.\",\"breadcrumb\":{\"@id\":\"https:\\\/\\\/www.clic-formalites.com\\\/blog\\\/facturation-electronique\\\/#breadcrumb\"},\"inLanguage\":\"fr-FR\",\"potentialAction\":[{\"@type\":\"ReadAction\",\"target\":[\"https:\\\/\\\/www.clic-formalites.com\\\/blog\\\/facturation-electronique\\\/\"]}]},{\"@type\":\"ImageObject\",\"inLanguage\":\"fr-FR\",\"@id\":\"https:\\\/\\\/www.clic-formalites.com\\\/blog\\\/facturation-electronique\\\/#primaryimage\",\"url\":\"https:\\\/\\\/www.clic-formalites.com\\\/blog\\\/wp-content\\\/uploads\\\/2026\\\/02\\\/fin-0rHxkbcvQAE-unsplash-scaled.jpg\",\"contentUrl\":\"https:\\\/\\\/www.clic-formalites.com\\\/blog\\\/wp-content\\\/uploads\\\/2026\\\/02\\\/fin-0rHxkbcvQAE-unsplash-scaled.jpg\",\"width\":2560,\"height\":2006},{\"@type\":\"BreadcrumbList\",\"@id\":\"https:\\\/\\\/www.clic-formalites.com\\\/blog\\\/facturation-electronique\\\/#breadcrumb\",\"itemListElement\":[{\"@type\":\"ListItem\",\"position\":1,\"name\":\"Accueil\",\"item\":\"https:\\\/\\\/www.clic-formalites.com\\\/blog\\\/\"},{\"@type\":\"ListItem\",\"position\":2,\"name\":\"Facturation \u00e9lectronique : le grand basculement de 2026\"}]},{\"@type\":\"WebSite\",\"@id\":\"https:\\\/\\\/www.clic-formalites.com\\\/blog\\\/#website\",\"url\":\"https:\\\/\\\/www.clic-formalites.com\\\/blog\\\/\",\"name\":\"Clic Formalit\u00e9s, Le Blog\",\"description\":\"\",\"publisher\":{\"@id\":\"https:\\\/\\\/www.clic-formalites.com\\\/blog\\\/#organization\"},\"potentialAction\":[{\"@type\":\"SearchAction\",\"target\":{\"@type\":\"EntryPoint\",\"urlTemplate\":\"https:\\\/\\\/www.clic-formalites.com\\\/blog\\\/?s={search_term_string}\"},\"query-input\":{\"@type\":\"PropertyValueSpecification\",\"valueRequired\":true,\"valueName\":\"search_term_string\"}}],\"inLanguage\":\"fr-FR\"},{\"@type\":\"Organization\",\"@id\":\"https:\\\/\\\/www.clic-formalites.com\\\/blog\\\/#organization\",\"name\":\"Clic Formalit\u00e9s, Le Blog\",\"url\":\"https:\\\/\\\/www.clic-formalites.com\\\/blog\\\/\",\"logo\":{\"@type\":\"ImageObject\",\"inLanguage\":\"fr-FR\",\"@id\":\"https:\\\/\\\/www.clic-formalites.com\\\/blog\\\/#\\\/schema\\\/logo\\\/image\\\/\",\"url\":\"https:\\\/\\\/www.clic-formalites.com\\\/blog\\\/wp-content\\\/uploads\\\/2026\\\/01\\\/clic-logo.png\",\"contentUrl\":\"https:\\\/\\\/www.clic-formalites.com\\\/blog\\\/wp-content\\\/uploads\\\/2026\\\/01\\\/clic-logo.png\",\"width\":884,\"height\":329,\"caption\":\"Clic Formalit\u00e9s, Le Blog\"},\"image\":{\"@id\":\"https:\\\/\\\/www.clic-formalites.com\\\/blog\\\/#\\\/schema\\\/logo\\\/image\\\/\"},\"sameAs\":[\"https:\\\/\\\/www.facebook.com\\\/search\\\/top?q=clicformalits\",\"https:\\\/\\\/www.linkedin.com\\\/company\\\/clic-formalits\\\/posts\\\/?feedView=all\"]},{\"@type\":\"Person\",\"@id\":\"https:\\\/\\\/www.clic-formalites.com\\\/blog\\\/#\\\/schema\\\/person\\\/d1f15c484a663ec5009e83ae26bca506\",\"name\":\"ewan\",\"image\":{\"@type\":\"ImageObject\",\"inLanguage\":\"fr-FR\",\"@id\":\"https:\\\/\\\/secure.gravatar.com\\\/avatar\\\/86acc608068396c481d41cf847369f82be80fd38d49bed4dd8705cfe14b2fadc?s=96&d=mm&r=g\",\"url\":\"https:\\\/\\\/secure.gravatar.com\\\/avatar\\\/86acc608068396c481d41cf847369f82be80fd38d49bed4dd8705cfe14b2fadc?s=96&d=mm&r=g\",\"contentUrl\":\"https:\\\/\\\/secure.gravatar.com\\\/avatar\\\/86acc608068396c481d41cf847369f82be80fd38d49bed4dd8705cfe14b2fadc?s=96&d=mm&r=g\",\"caption\":\"ewan\"},\"url\":\"https:\\\/\\\/www.clic-formalites.com\\\/blog\\\/author\\\/ewan\\\/\"}]}<\/script>\n<!-- \/ Yoast SEO plugin. -->","yoast_head_json":{"title":"Facturation \u00e9lectronique : le grand basculement de 2026","description":"La facturation \u00e9lectronique sera progressivement obligatoire d\u00e8s septembre 2026 pour toutes les entreprises soumises \u00e0 la TVA.","robots":{"index":"index","follow":"follow","max-snippet":"max-snippet:-1","max-image-preview":"max-image-preview:large","max-video-preview":"max-video-preview:-1"},"canonical":"https:\/\/www.clic-formalites.com\/blog\/facturation-electronique\/","og_locale":"fr_FR","og_type":"article","og_title":"Facturation \u00e9lectronique : le grand basculement de 2026","og_description":"La facturation \u00e9lectronique sera progressivement obligatoire d\u00e8s septembre 2026 pour toutes les entreprises soumises \u00e0 la TVA.","og_url":"https:\/\/www.clic-formalites.com\/blog\/facturation-electronique\/","og_site_name":"Clic Formalit\u00e9s, Le Blog","article_publisher":"https:\/\/www.facebook.com\/search\/top?q=clicformalits","article_published_time":"2026-02-26T13:55:37+00:00","article_modified_time":"2026-04-30T15:22:16+00:00","og_image":[{"width":2560,"height":2006,"url":"https:\/\/www.clic-formalites.com\/blog\/wp-content\/uploads\/2026\/02\/fin-0rHxkbcvQAE-unsplash-scaled.jpg","type":"image\/jpeg"}],"author":"ewan","twitter_card":"summary_large_image","twitter_misc":{"\u00c9crit par":"ewan","Dur\u00e9e de lecture estim\u00e9e":"5 minutes"},"schema":{"@context":"https:\/\/schema.org","@graph":[{"@type":["Article","BlogPosting"],"@id":"https:\/\/www.clic-formalites.com\/blog\/facturation-electronique\/#article","isPartOf":{"@id":"https:\/\/www.clic-formalites.com\/blog\/facturation-electronique\/"},"author":{"name":"ewan","@id":"https:\/\/www.clic-formalites.com\/blog\/#\/schema\/person\/d1f15c484a663ec5009e83ae26bca506"},"headline":"Facturation \u00e9lectronique : le grand basculement de 2026","datePublished":"2026-02-26T13:55:37+00:00","dateModified":"2026-04-30T15:22:16+00:00","mainEntityOfPage":{"@id":"https:\/\/www.clic-formalites.com\/blog\/facturation-electronique\/"},"wordCount":981,"publisher":{"@id":"https:\/\/www.clic-formalites.com\/blog\/#organization"},"image":{"@id":"https:\/\/www.clic-formalites.com\/blog\/facturation-electronique\/#primaryimage"},"thumbnailUrl":"https:\/\/www.clic-formalites.com\/blog\/wp-content\/uploads\/2026\/02\/fin-0rHxkbcvQAE-unsplash-scaled.jpg","articleSection":["Guide de l'Entrepreneur"],"inLanguage":"fr-FR"},{"@type":"WebPage","@id":"https:\/\/www.clic-formalites.com\/blog\/facturation-electronique\/","url":"https:\/\/www.clic-formalites.com\/blog\/facturation-electronique\/","name":"Facturation \u00e9lectronique : le grand basculement de 2026","isPartOf":{"@id":"https:\/\/www.clic-formalites.com\/blog\/#website"},"primaryImageOfPage":{"@id":"https:\/\/www.clic-formalites.com\/blog\/facturation-electronique\/#primaryimage"},"image":{"@id":"https:\/\/www.clic-formalites.com\/blog\/facturation-electronique\/#primaryimage"},"thumbnailUrl":"https:\/\/www.clic-formalites.com\/blog\/wp-content\/uploads\/2026\/02\/fin-0rHxkbcvQAE-unsplash-scaled.jpg","datePublished":"2026-02-26T13:55:37+00:00","dateModified":"2026-04-30T15:22:16+00:00","description":"La facturation \u00e9lectronique sera progressivement obligatoire d\u00e8s septembre 2026 pour toutes les entreprises soumises \u00e0 la TVA.","breadcrumb":{"@id":"https:\/\/www.clic-formalites.com\/blog\/facturation-electronique\/#breadcrumb"},"inLanguage":"fr-FR","potentialAction":[{"@type":"ReadAction","target":["https:\/\/www.clic-formalites.com\/blog\/facturation-electronique\/"]}]},{"@type":"ImageObject","inLanguage":"fr-FR","@id":"https:\/\/www.clic-formalites.com\/blog\/facturation-electronique\/#primaryimage","url":"https:\/\/www.clic-formalites.com\/blog\/wp-content\/uploads\/2026\/02\/fin-0rHxkbcvQAE-unsplash-scaled.jpg","contentUrl":"https:\/\/www.clic-formalites.com\/blog\/wp-content\/uploads\/2026\/02\/fin-0rHxkbcvQAE-unsplash-scaled.jpg","width":2560,"height":2006},{"@type":"BreadcrumbList","@id":"https:\/\/www.clic-formalites.com\/blog\/facturation-electronique\/#breadcrumb","itemListElement":[{"@type":"ListItem","position":1,"name":"Accueil","item":"https:\/\/www.clic-formalites.com\/blog\/"},{"@type":"ListItem","position":2,"name":"Facturation \u00e9lectronique : le grand basculement de 2026"}]},{"@type":"WebSite","@id":"https:\/\/www.clic-formalites.com\/blog\/#website","url":"https:\/\/www.clic-formalites.com\/blog\/","name":"Clic Formalit\u00e9s, Le Blog","description":"","publisher":{"@id":"https:\/\/www.clic-formalites.com\/blog\/#organization"},"potentialAction":[{"@type":"SearchAction","target":{"@type":"EntryPoint","urlTemplate":"https:\/\/www.clic-formalites.com\/blog\/?s={search_term_string}"},"query-input":{"@type":"PropertyValueSpecification","valueRequired":true,"valueName":"search_term_string"}}],"inLanguage":"fr-FR"},{"@type":"Organization","@id":"https:\/\/www.clic-formalites.com\/blog\/#organization","name":"Clic Formalit\u00e9s, Le Blog","url":"https:\/\/www.clic-formalites.com\/blog\/","logo":{"@type":"ImageObject","inLanguage":"fr-FR","@id":"https:\/\/www.clic-formalites.com\/blog\/#\/schema\/logo\/image\/","url":"https:\/\/www.clic-formalites.com\/blog\/wp-content\/uploads\/2026\/01\/clic-logo.png","contentUrl":"https:\/\/www.clic-formalites.com\/blog\/wp-content\/uploads\/2026\/01\/clic-logo.png","width":884,"height":329,"caption":"Clic Formalit\u00e9s, Le Blog"},"image":{"@id":"https:\/\/www.clic-formalites.com\/blog\/#\/schema\/logo\/image\/"},"sameAs":["https:\/\/www.facebook.com\/search\/top?q=clicformalits","https:\/\/www.linkedin.com\/company\/clic-formalits\/posts\/?feedView=all"]},{"@type":"Person","@id":"https:\/\/www.clic-formalites.com\/blog\/#\/schema\/person\/d1f15c484a663ec5009e83ae26bca506","name":"ewan","image":{"@type":"ImageObject","inLanguage":"fr-FR","@id":"https:\/\/secure.gravatar.com\/avatar\/86acc608068396c481d41cf847369f82be80fd38d49bed4dd8705cfe14b2fadc?s=96&d=mm&r=g","url":"https:\/\/secure.gravatar.com\/avatar\/86acc608068396c481d41cf847369f82be80fd38d49bed4dd8705cfe14b2fadc?s=96&d=mm&r=g","contentUrl":"https:\/\/secure.gravatar.com\/avatar\/86acc608068396c481d41cf847369f82be80fd38d49bed4dd8705cfe14b2fadc?s=96&d=mm&r=g","caption":"ewan"},"url":"https:\/\/www.clic-formalites.com\/blog\/author\/ewan\/"}]}},"_links":{"self":[{"href":"https:\/\/www.clic-formalites.com\/blog\/wp-json\/wp\/v2\/posts\/1460","targetHints":{"allow":["GET"]}}],"collection":[{"href":"https:\/\/www.clic-formalites.com\/blog\/wp-json\/wp\/v2\/posts"}],"about":[{"href":"https:\/\/www.clic-formalites.com\/blog\/wp-json\/wp\/v2\/types\/post"}],"author":[{"embeddable":true,"href":"https:\/\/www.clic-formalites.com\/blog\/wp-json\/wp\/v2\/users\/13"}],"replies":[{"embeddable":true,"href":"https:\/\/www.clic-formalites.com\/blog\/wp-json\/wp\/v2\/comments?post=1460"}],"version-history":[{"count":14,"href":"https:\/\/www.clic-formalites.com\/blog\/wp-json\/wp\/v2\/posts\/1460\/revisions"}],"predecessor-version":[{"id":1660,"href":"https:\/\/www.clic-formalites.com\/blog\/wp-json\/wp\/v2\/posts\/1460\/revisions\/1660"}],"wp:featuredmedia":[{"embeddable":true,"href":"https:\/\/www.clic-formalites.com\/blog\/wp-json\/wp\/v2\/media\/1487"}],"wp:attachment":[{"href":"https:\/\/www.clic-formalites.com\/blog\/wp-json\/wp\/v2\/media?parent=1460"}],"wp:term":[{"taxonomy":"category","embeddable":true,"href":"https:\/\/www.clic-formalites.com\/blog\/wp-json\/wp\/v2\/categories?post=1460"},{"taxonomy":"post_tag","embeddable":true,"href":"https:\/\/www.clic-formalites.com\/blog\/wp-json\/wp\/v2\/tags?post=1460"}],"curies":[{"name":"wp","href":"https:\/\/api.w.org\/{rel}","templated":true}]}}