{"id":1454,"date":"2026-02-20T15:13:48","date_gmt":"2026-02-20T14:13:48","guid":{"rendered":"https:\/\/www.clic-formalites.com\/blog\/?p=1454"},"modified":"2026-04-09T07:29:16","modified_gmt":"2026-04-09T06:29:16","slug":"levee-de-fonds-sas-et-sarl","status":"publish","type":"post","link":"https:\/\/www.clic-formalites.com\/blog\/levee-de-fonds-sas-et-sarl\/","title":{"rendered":"Lev\u00e9e de fonds : Comment choisir entre SAS et SARL ?"},"content":{"rendered":"\n<div class=\"wp-block-columns is-layout-flex wp-container-core-columns-is-layout-28f84493 wp-block-columns-is-layout-flex\">\n<div class=\"wp-block-column is-layout-flow wp-block-column-is-layout-flow\" style=\"flex-basis:75%\">\n<p>Avant une lev\u00e9e de fonds, le choix entre SARL et SAS est strat\u00e9gique : il conditionne l\u2019entr\u00e9e des investisseurs, la fluidit\u00e9 des op\u00e9rations sur le capital, la gouvernance et la protection du dirigeant. Pour un projet tr\u00e8s \u00e9volutif ou orient\u00e9 start-up, la SAS s\u2019impose souvent. \u00c0 l\u2019inverse, la SARL reste adapt\u00e9e aux structures plus traditionnelles et familiales.<\/p>\n\n\n\n<p><\/p>\n\n\n<ol class=\"simpletoc-list\">\n<li><a href=\"#clarifier-vos-objectifs-de-levee-de-fonds\">Clarifier vos objectifs de lev\u00e9e de fonds<\/a>\n\n<\/li>\n<li><a href=\"#parts-sociales-de-sarl-ou-actions-de-sas-un-enjeu-central\">Parts sociales de SARL ou actions de SAS : un enjeu central<\/a>\n\n<\/li>\n<li><a href=\"#entree-et-sortie-des-investisseurs-la-question-de-la-fluidite\">Entr\u00e9e et sortie des investisseurs : la question de la fluidit\u00e9<\/a>\n\n<\/li>\n<li><a href=\"#le-cout-fiscal-des-cessions-de-titres\">Le co\u00fbt fiscal des cessions de titres<\/a>\n\n<\/li>\n<li><a href=\"#statut-social-du-dirigeant-un-arbitrage-financier-et-politique\">Statut social du dirigeant : un arbitrage financier et politique<\/a>\n\n<\/li>\n<li><a href=\"#comment-trancher-quelques-reperes-concrets\">Comment trancher : quelques rep\u00e8res concrets<\/a>\n\n<\/li>\n<\/ol>\n<\/li><\/ol>\n\n<h2 class=\"wp-block-heading\" id=\"clarifier-vos-objectifs-de-levee-de-fonds\">Clarifier vos objectifs de lev\u00e9e de fonds<\/h2>\n\n\n<p>Avant de trancher entre SARL et SAS, vous devez pr\u00e9ciser la nature et l\u2019ambition de votre lev\u00e9e de fonds. En effet, on ne structure pas de la m\u00eame fa\u00e7on une soci\u00e9t\u00e9 qui accueille deux investisseurs \u00ab amis \u00bb et une start-up qui vise plusieurs tours de table successifs avec des fonds professionnels.<\/p>\n\n\n\n<p>Les bonnes questions \u00e0 se poser sont les suivantes :<\/p>\n\n\n\n<p>\ud83d\udd8a\ufe0f Quel montant global visez-vous et sur combien de tours de table potentiels ?<\/p>\n\n\n\n<p>\ud83d\udc64 Qui sont les investisseurs cibl\u00e9s (business angels, fonds, family offices, proches) ? Demanderont-ils des droits sp\u00e9cifiques comme des clauses de liquidation pr\u00e9f\u00e9rentielle, d\u2019anti-dilution ou de veto sur certaines d\u00e9cisions ?<\/p>\n\n\n\n<p>Plus la lev\u00e9e est ambitieuse et structur\u00e9e dans le temps, plus la SAS, tr\u00e8s modulable, devient pertinente par rapport \u00e0 la SARL.<\/p>\n\n\n\n<p><\/p>\n\n\n<h2 class=\"wp-block-heading\" id=\"parts-sociales-de-sarl-ou-actions-de-sas-un-enjeu-central\">Parts sociales de SARL ou actions de SAS : un enjeu central<\/h2>\n\n\n<p>En SARL, les associ\u00e9s divisent le capital en parts sociales. En principe, elles appartiennent \u00e0 une seule cat\u00e9gorie. Cette organisation limite la diff\u00e9renciation des droits entre associ\u00e9s. En SAS, les associ\u00e9s divisent le capital en actions, qui peuvent \u00eatre :<\/p>\n\n\n\n<ul class=\"wp-block-list\">\n<li>ordinaires<\/li>\n\n\n\n<li>de pr\u00e9f\u00e9rence, afin de moduler les droits de vote, les dividendes ou la priorit\u00e9 en cas de liquidation ou de revente.<\/li>\n<\/ul>\n\n\n\n<p>Concr\u00e8tement, la SARL permet difficilement de cr\u00e9er un \u00ab pack investisseur \u00bb avec des droits sp\u00e9cifiques. En revanche, la SAS accueille facilement des cat\u00e9gories d\u2019actions adapt\u00e9es aux attentes des investisseurs. Dans les deux cas, la loi autorise un capital \u00e0 1 euro. Toutefois, un capital plus consistant cr\u00e9dibilise le projet aupr\u00e8s des investisseurs et des banques.<\/p>\n\n\n\n<p><\/p>\n\n\n<h2 class=\"wp-block-heading\" id=\"entree-et-sortie-des-investisseurs-la-question-de-la-fluidite\">Entr\u00e9e et sortie des investisseurs : la question de la fluidit\u00e9<\/h2>\n\n\n<p>Le r\u00e9gime d\u2019entr\u00e9e et de sortie des investisseurs constitue un point tr\u00e8s sensible lors d\u2019une lev\u00e9e de fonds. En SARL, les associ\u00e9s doivent approuver la cession de parts \u00e0 un tiers via une proc\u00e9dure d\u2019agr\u00e9ment obligatoire. Par cons\u00e9quent, les mouvements au capital deviennent plus lourds et moins pr\u00e9visibles pour un investisseur. Historiquement, la SARL s\u2019adresse donc \u00e0 des associ\u00e9s stables, souvent familiaux ou de long terme.<\/p>\n\n\n\n<p>En SAS, la r\u00e8gle s\u2019inverse : les actionnaires peuvent c\u00e9der leurs actions librement, sauf si les statuts pr\u00e9voient des clauses d\u2019agr\u00e9ment, de pr\u00e9emption ou d\u2019inali\u00e9nabilit\u00e9. Cette libert\u00e9 permet de r\u00e9diger des statuts tr\u00e8s adapt\u00e9s. Par exemple, vous pouvez pr\u00e9voir un agr\u00e9ment limit\u00e9 \u00e0 certaines cat\u00e9gories d\u2019investisseurs, des clauses de pr\u00e9emption ou des m\u00e9canismes de bad leaver (qui quitte la soci\u00e9t\u00e9 dans des conditions pr\u00e9judiciables ou par sa propre faute) et de good leaver (raisons ind\u00e9pendantes de sa volont\u00e9). Pour les business angels et les fonds d\u2019investissement, cette pr\u00e9visibilit\u00e9 et cette souplesse repr\u00e9sentent un v\u00e9ritable crit\u00e8re de choix.<\/p>\n\n\n<h2 class=\"wp-block-heading\" id=\"le-cout-fiscal-des-cessions-de-titres\">Le co\u00fbt fiscal des cessions de titres<\/h2>\n\n\n<p>Le co\u00fbt fiscal des cessions de titres influence directement l\u2019attractivit\u00e9 de la structure lors de l\u2019entr\u00e9e ou de la sortie d\u2019un investisseur. Les cessions de parts sociales de SARL entra\u00eenent des droits d\u2019enregistrement de 3 %, apr\u00e8s un abattement calcul\u00e9 sur la valeur globale des parts. Cette fiscalit\u00e9 peut repr\u00e9senter une charge importante sur des montants significatifs.<\/p>\n\n\n\n<p>\u00c0 l\u2019inverse, les cessions d\u2019actions de SAS supportent des droits d\u2019enregistrement de 0,1 %, soit un co\u00fbt bien plus faible.<\/p>\n\n\n\n<p>Pour un projet qui envisage plusieurs op\u00e9rations sur le capital (nouvelle lev\u00e9e, rachat par un industriel ou revente partielle des actions par les fondateurs), cet avantage fiscal constitue un argument fort en faveur de la SAS. Cela explique en partie pourquoi la SAS est devenue le standard des structures financ\u00e9es par des lev\u00e9es de fonds r\u00e9p\u00e9t\u00e9es.<\/p>\n\n\n\n<p><\/p>\n\n\n<h2 class=\"wp-block-heading\" id=\"statut-social-du-dirigeant-un-arbitrage-financier-et-politique\">Statut social du dirigeant : un arbitrage financier et politique<\/h2>\n\n\n<p>Le statut social du dirigeant constitue souvent un crit\u00e8re d\u00e9cisif pour le fondateur. Il compte aussi pour les investisseurs. En SARL, le g\u00e9rant majoritaire rel\u00e8ve du r\u00e9gime des travailleurs non salari\u00e9s. Ce statut implique des charges sociales globalement plus faibles, mais aussi une protection sociale moins g\u00e9n\u00e9reuse que celle des salari\u00e9s. Ce choix permet souvent d\u2019optimiser la r\u00e9mun\u00e9ration nette \u00e0 court terme.<\/p>\n\n\n\n<p>En SAS, le pr\u00e9sident et, le cas \u00e9ch\u00e9ant, les autres dirigeants rel\u00e8vent du r\u00e9gime g\u00e9n\u00e9ral en tant qu\u2019assimil\u00e9s salari\u00e9s. Les charges augmentent, mais la couverture sociale s\u2019am\u00e9liore. Cette protection rassure parfois les investisseurs quant \u00e0 la solidit\u00e9 et \u00e0 la p\u00e9rennit\u00e9 de l\u2019\u00e9quipe dirigeante. Dans la pratique, les fonds privil\u00e9gient largement la SAS, car elle correspond \u00e0 leurs habitudes de gouvernance et de r\u00e9mun\u00e9ration.<\/p>\n\n\n\n<p><\/p>\n\n\n<h2 class=\"wp-block-heading\" id=\"comment-trancher-quelques-reperes-concrets\">Comment trancher : quelques rep\u00e8res concrets<\/h2>\n\n\n<p>Pour d\u00e9cider, il vaut mieux raisonner en sc\u00e9narios plut\u00f4t qu\u2019en th\u00e9orie abstraite.<\/p>\n\n\n\n<p>Si votre projet correspond \u00e0 une start-up ou une scale-up avec une forte ambition de croissance, plusieurs tours de table et une possible revente \u00e0 moyen terme, la SAS reste la forme la plus coh\u00e9rente. Elle permet de structurer des actions de pr\u00e9f\u00e9rence, d\u2019ouvrir et de fermer le capital de mani\u00e8re fluide et de s\u00e9curiser les investisseurs sur la gouvernance.<\/p>\n\n\n\n<p>Si votre entreprise est une TPE ou une PME \u00e0 croissance mod\u00e9r\u00e9e, vous pouvez lever ponctuellement des fonds aupr\u00e8s de quelques investisseurs proches sans multiplier les op\u00e9rations sur le capital. Dans ce cas, la SARL demeure pertinente. Elle permet notamment d\u2019optimiser le co\u00fbt social du dirigeant et de conserver un noyau dur d\u2019associ\u00e9s stables. Vous pouvez toujours pr\u00e9voir une transformation en SAS \u00e0 moyen terme si la strat\u00e9gie d\u2019ouverture du capital se renforce.<\/p>\n\n\n\n<p>Finalement, posez-vous la question suivante :<\/p>\n\n\n\n<p class=\"has-text-align-center\" style=\"font-size:clamp(14px, 0.875rem + ((1vw - 3.2px) * 0.682), 20px);\"><em>\u00ab \u00c0 quoi mon tour de table doit-il ressembler dans trois \u00e0 cinq ans ? \u00bb.<\/em><\/p>\n\n\n\n<p>Si la r\u00e9ponse implique plusieurs cat\u00e9gories d\u2019investisseurs, des droits diff\u00e9renci\u00e9s et des sc\u00e9narios de sortie structur\u00e9s, la SAS constitue g\u00e9n\u00e9ralement la meilleure option pour organiser cette trajectoire. \u00c0 l\u2019inverse, si l\u2019objectif reste limit\u00e9 et centr\u00e9 sur un cercle restreint, la SARL peut suffire, \u00e0 condition d\u2019anticiper les \u00e9ventuels besoins de transformation future.<\/p>\n\n\n\n<p><strong>Clic Formalit\u00e9s<\/strong> vous accompagne dans vos d\u00e9marches de cr\u00e9ation et gestion d&rsquo;entreprise, qu&rsquo;il s&rsquo;agisse d&rsquo;une SAS ou d&rsquo;une SARL.<\/p>\n\n\n\n<div class=\"wp-block-buttons is-content-justification-center is-layout-flex wp-container-core-buttons-is-layout-a89b3969 wp-block-buttons-is-layout-flex\">\n<div class=\"wp-block-button has-custom-width wp-block-button__width-75 is-style-fill\"><a class=\"wp-block-button__link has-light-color has-accent-3-background-color has-text-color has-background has-link-color has-custom-font-size wp-element-button\" href=\"https:\/\/www.clic-formalites.com\/\" style=\"font-size:clamp(0.875rem, 0.875rem + ((1vw - 0.2rem) * 0.409), 1.1rem);font-style:normal;font-weight:700\" target=\"_blank\">D\u00e9couvrez nos services<\/a><\/div>\n<\/div>\n\n\n\n<hr class=\"wp-block-separator has-alpha-channel-opacity\"\/>\n\n\n\n<p style=\"font-style:normal;font-weight:600\">Ces articles pourront aussi vous int\u00e9resser : <\/p>\n\n\n\n<p><a href=\"https:\/\/www.clic-formalites.com\/gestion-entreprise\/transformation-societe\" target=\"_blank\" rel=\"noreferrer noopener\">Transformation de Soci\u00e9t\u00e9 : D\u00e9marches Simples en Ligne<\/a><\/p>\n\n\n\n<p><a href=\"https:\/\/www.clic-formalites.com\/blog\/responsabilite-des-associes-en-sas\/\" target=\"_blank\" rel=\"noreferrer noopener\">Responsabilit\u00e9 des associ\u00e9s en SAS : ce que tout entrepreneur doit savoir<\/a><\/p>\n\n\n\n<p><a href=\"https:\/\/www.clic-formalites.com\/blog\/choisir-la-forme-juridique-guide-pour-sarl-sas-sci\/\" target=\"_blank\" rel=\"noreferrer noopener\">Choisir la forme juridique de sa soci\u00e9t\u00e9 : SARL, SAS, SCI, EURL ou SASU ?<\/a><\/p>\n<\/div>\n\n\n\n<div class=\"wp-block-column is-layout-flow wp-block-column-is-layout-flow\" style=\"flex-basis:25%\">\n<div class=\"wp-block-group wp-sticky-element has-global-padding is-layout-constrained wp-block-group-is-layout-constrained\">\n<div class=\"wp-block-group has-border-color has-accent-3-border-color has-dark-color has-contrast-1-background-color has-text-color has-background has-link-color has-medium-font-size wp-elements-b9e1e6cd5aeb6241dc287e35797f721f has-global-padding is-layout-constrained wp-container-core-group-is-layout-954fedef wp-block-group-is-layout-constrained\" style=\"border-width:1px;border-top-left-radius:13px;border-top-right-radius:13px;border-bottom-left-radius:13px;border-bottom-right-radius:13px;margin-top:0;margin-bottom:var(--wp--preset--spacing--20);padding-top:var(--wp--preset--spacing--20);padding-right:var(--wp--preset--spacing--20);padding-bottom:var(--wp--preset--spacing--20);padding-left:var(--wp--preset--spacing--20);box-shadow:none\"><h3 class=\"wp-block-heading has-text-align-center\" style=\"font-size:clamp(14px, 0.875rem + ((1vw - 3.2px) * 0.682), 20px);\" id=\"vous-souhaitez-creer-votre-entreprise\">Vous souhaitez cr\u00e9er votre entreprise ?<\/h3>\n\n\n<p class=\"has-text-align-center\">Clic formalit\u00e9s vous accompagne dans votre d\u00e9marche. <\/p>\n\n\n\n<div class=\"wp-block-buttons has-accent-3-background-color has-background is-content-justification-center is-layout-flex wp-container-core-buttons-is-layout-a89b3969 wp-block-buttons-is-layout-flex\" style=\"border-top-left-radius:13px;border-top-right-radius:13px;border-bottom-left-radius:13px;border-bottom-right-radius:13px\">\n<div class=\"wp-block-button\"><a class=\"wp-block-button__link has-light-color has-accent-3-background-color has-text-color has-background has-link-color has-custom-font-size wp-element-button\" href=\"https:\/\/www.clic-formalites.com\/creation-entreprise\" style=\"font-size:clamp(0.875rem, 0.875rem + ((1vw - 0.2rem) * 0.227), 1rem);font-style:normal;font-weight:700\" target=\"_blank\" rel=\"noreferrer noopener\">Cr\u00e9er votre entreprise<\/a><\/div>\n<\/div>\n<\/div>\n<\/div>\n<\/div>\n<\/div>\n","protected":false},"excerpt":{"rendered":"<p>Avant une lev&eacute;e de fonds, le choix entre SARL et SAS est strat&eacute;gique : il conditionne l&rsquo;entr&eacute;e des investisseurs, la fluidit&eacute; des op&eacute;rations sur le capital, la gouvernance et la protection du dirigeant. Pour un projet tr&egrave;s &eacute;volutif ou orient&eacute; start-up, la SAS s&rsquo;impose souvent. &Agrave; l&rsquo;inverse, la SARL reste adapt&eacute;e aux structures plus traditionnelles [&hellip;]<\/p>\n","protected":false},"author":13,"featured_media":1472,"comment_status":"closed","ping_status":"open","sticky":false,"template":"","format":"standard","meta":{"footnotes":""},"categories":[7],"tags":[],"class_list":["post-1454","post","type-post","status-publish","format-standard","has-post-thumbnail","hentry","category-guide-a-lentrepreneur"],"yoast_head":"<!-- This site is optimized with the Yoast SEO plugin v27.5 - https:\/\/yoast.com\/product\/yoast-seo-wordpress\/ -->\n<title>Lev\u00e9e de fonds : Comment choisir entre SAS et SARL ?<\/title>\n<meta name=\"description\" content=\"Avant une lev\u00e9e de fonds, le choix entre SARL et SAS est strat\u00e9gique : il est indispensable de se renseigner afin de faire le meilleur choix.\" \/>\n<meta name=\"robots\" content=\"index, follow, max-snippet:-1, max-image-preview:large, max-video-preview:-1\" \/>\n<link rel=\"canonical\" href=\"https:\/\/www.clic-formalites.com\/blog\/levee-de-fonds-sas-et-sarl\/\" \/>\n<meta property=\"og:locale\" content=\"fr_FR\" \/>\n<meta property=\"og:type\" content=\"article\" \/>\n<meta property=\"og:title\" content=\"Lev\u00e9e de fonds : Comment choisir entre SAS et SARL ?\" \/>\n<meta property=\"og:description\" content=\"Avant une lev\u00e9e de fonds, le choix entre SARL et SAS est strat\u00e9gique : il est indispensable de se renseigner afin de faire le meilleur choix.\" \/>\n<meta property=\"og:url\" content=\"https:\/\/www.clic-formalites.com\/blog\/levee-de-fonds-sas-et-sarl\/\" \/>\n<meta property=\"og:site_name\" content=\"Clic Formalit\u00e9s, Le Blog\" \/>\n<meta property=\"article:publisher\" content=\"https:\/\/www.facebook.com\/search\/top?q=clicformalits\" \/>\n<meta property=\"article:published_time\" content=\"2026-02-20T14:13:48+00:00\" \/>\n<meta property=\"article:modified_time\" content=\"2026-04-09T06:29:16+00:00\" \/>\n<meta property=\"og:image\" content=\"https:\/\/www.clic-formalites.com\/blog\/wp-content\/uploads\/2026\/02\/photo-papier-scaled.jpeg\" \/>\n\t<meta property=\"og:image:width\" content=\"2560\" \/>\n\t<meta property=\"og:image:height\" content=\"1439\" \/>\n\t<meta property=\"og:image:type\" content=\"image\/jpeg\" \/>\n<meta name=\"author\" content=\"ewan\" \/>\n<meta name=\"twitter:card\" content=\"summary_large_image\" \/>\n<meta name=\"twitter:label1\" content=\"\u00c9crit par\" \/>\n\t<meta name=\"twitter:data1\" content=\"ewan\" \/>\n\t<meta name=\"twitter:label2\" content=\"Dur\u00e9e de lecture estim\u00e9e\" \/>\n\t<meta name=\"twitter:data2\" content=\"6 minutes\" \/>\n<script type=\"application\/ld+json\" class=\"yoast-schema-graph\">{\"@context\":\"https:\\\/\\\/schema.org\",\"@graph\":[{\"@type\":[\"Article\",\"BlogPosting\"],\"@id\":\"https:\\\/\\\/www.clic-formalites.com\\\/blog\\\/levee-de-fonds-sas-et-sarl\\\/#article\",\"isPartOf\":{\"@id\":\"https:\\\/\\\/www.clic-formalites.com\\\/blog\\\/levee-de-fonds-sas-et-sarl\\\/\"},\"author\":{\"name\":\"ewan\",\"@id\":\"https:\\\/\\\/www.clic-formalites.com\\\/blog\\\/#\\\/schema\\\/person\\\/d1f15c484a663ec5009e83ae26bca506\"},\"headline\":\"Lev\u00e9e de fonds : Comment choisir entre SAS et SARL ?\",\"datePublished\":\"2026-02-20T14:13:48+00:00\",\"dateModified\":\"2026-04-09T06:29:16+00:00\",\"mainEntityOfPage\":{\"@id\":\"https:\\\/\\\/www.clic-formalites.com\\\/blog\\\/levee-de-fonds-sas-et-sarl\\\/\"},\"wordCount\":1213,\"publisher\":{\"@id\":\"https:\\\/\\\/www.clic-formalites.com\\\/blog\\\/#organization\"},\"image\":{\"@id\":\"https:\\\/\\\/www.clic-formalites.com\\\/blog\\\/levee-de-fonds-sas-et-sarl\\\/#primaryimage\"},\"thumbnailUrl\":\"https:\\\/\\\/www.clic-formalites.com\\\/blog\\\/wp-content\\\/uploads\\\/2026\\\/02\\\/photo-papier-scaled.jpeg\",\"articleSection\":[\"Guide de l'Entrepreneur\"],\"inLanguage\":\"fr-FR\"},{\"@type\":\"WebPage\",\"@id\":\"https:\\\/\\\/www.clic-formalites.com\\\/blog\\\/levee-de-fonds-sas-et-sarl\\\/\",\"url\":\"https:\\\/\\\/www.clic-formalites.com\\\/blog\\\/levee-de-fonds-sas-et-sarl\\\/\",\"name\":\"Lev\u00e9e de fonds : Comment choisir entre SAS et SARL ?\",\"isPartOf\":{\"@id\":\"https:\\\/\\\/www.clic-formalites.com\\\/blog\\\/#website\"},\"primaryImageOfPage\":{\"@id\":\"https:\\\/\\\/www.clic-formalites.com\\\/blog\\\/levee-de-fonds-sas-et-sarl\\\/#primaryimage\"},\"image\":{\"@id\":\"https:\\\/\\\/www.clic-formalites.com\\\/blog\\\/levee-de-fonds-sas-et-sarl\\\/#primaryimage\"},\"thumbnailUrl\":\"https:\\\/\\\/www.clic-formalites.com\\\/blog\\\/wp-content\\\/uploads\\\/2026\\\/02\\\/photo-papier-scaled.jpeg\",\"datePublished\":\"2026-02-20T14:13:48+00:00\",\"dateModified\":\"2026-04-09T06:29:16+00:00\",\"description\":\"Avant une lev\u00e9e de fonds, le choix entre SARL et SAS est strat\u00e9gique : il est indispensable de se renseigner afin de faire le meilleur choix.\",\"breadcrumb\":{\"@id\":\"https:\\\/\\\/www.clic-formalites.com\\\/blog\\\/levee-de-fonds-sas-et-sarl\\\/#breadcrumb\"},\"inLanguage\":\"fr-FR\",\"potentialAction\":[{\"@type\":\"ReadAction\",\"target\":[\"https:\\\/\\\/www.clic-formalites.com\\\/blog\\\/levee-de-fonds-sas-et-sarl\\\/\"]}]},{\"@type\":\"ImageObject\",\"inLanguage\":\"fr-FR\",\"@id\":\"https:\\\/\\\/www.clic-formalites.com\\\/blog\\\/levee-de-fonds-sas-et-sarl\\\/#primaryimage\",\"url\":\"https:\\\/\\\/www.clic-formalites.com\\\/blog\\\/wp-content\\\/uploads\\\/2026\\\/02\\\/photo-papier-scaled.jpeg\",\"contentUrl\":\"https:\\\/\\\/www.clic-formalites.com\\\/blog\\\/wp-content\\\/uploads\\\/2026\\\/02\\\/photo-papier-scaled.jpeg\",\"width\":2560,\"height\":1439},{\"@type\":\"BreadcrumbList\",\"@id\":\"https:\\\/\\\/www.clic-formalites.com\\\/blog\\\/levee-de-fonds-sas-et-sarl\\\/#breadcrumb\",\"itemListElement\":[{\"@type\":\"ListItem\",\"position\":1,\"name\":\"Accueil\",\"item\":\"https:\\\/\\\/www.clic-formalites.com\\\/blog\\\/\"},{\"@type\":\"ListItem\",\"position\":2,\"name\":\"Lev\u00e9e de fonds : Comment choisir entre SAS et SARL ?\"}]},{\"@type\":\"WebSite\",\"@id\":\"https:\\\/\\\/www.clic-formalites.com\\\/blog\\\/#website\",\"url\":\"https:\\\/\\\/www.clic-formalites.com\\\/blog\\\/\",\"name\":\"Clic Formalit\u00e9s, Le Blog\",\"description\":\"\",\"publisher\":{\"@id\":\"https:\\\/\\\/www.clic-formalites.com\\\/blog\\\/#organization\"},\"potentialAction\":[{\"@type\":\"SearchAction\",\"target\":{\"@type\":\"EntryPoint\",\"urlTemplate\":\"https:\\\/\\\/www.clic-formalites.com\\\/blog\\\/?s={search_term_string}\"},\"query-input\":{\"@type\":\"PropertyValueSpecification\",\"valueRequired\":true,\"valueName\":\"search_term_string\"}}],\"inLanguage\":\"fr-FR\"},{\"@type\":\"Organization\",\"@id\":\"https:\\\/\\\/www.clic-formalites.com\\\/blog\\\/#organization\",\"name\":\"Clic Formalit\u00e9s, Le Blog\",\"url\":\"https:\\\/\\\/www.clic-formalites.com\\\/blog\\\/\",\"logo\":{\"@type\":\"ImageObject\",\"inLanguage\":\"fr-FR\",\"@id\":\"https:\\\/\\\/www.clic-formalites.com\\\/blog\\\/#\\\/schema\\\/logo\\\/image\\\/\",\"url\":\"https:\\\/\\\/www.clic-formalites.com\\\/blog\\\/wp-content\\\/uploads\\\/2026\\\/01\\\/clic-logo.png\",\"contentUrl\":\"https:\\\/\\\/www.clic-formalites.com\\\/blog\\\/wp-content\\\/uploads\\\/2026\\\/01\\\/clic-logo.png\",\"width\":884,\"height\":329,\"caption\":\"Clic Formalit\u00e9s, Le Blog\"},\"image\":{\"@id\":\"https:\\\/\\\/www.clic-formalites.com\\\/blog\\\/#\\\/schema\\\/logo\\\/image\\\/\"},\"sameAs\":[\"https:\\\/\\\/www.facebook.com\\\/search\\\/top?q=clicformalits\",\"https:\\\/\\\/www.linkedin.com\\\/company\\\/clic-formalits\\\/posts\\\/?feedView=all\"]},{\"@type\":\"Person\",\"@id\":\"https:\\\/\\\/www.clic-formalites.com\\\/blog\\\/#\\\/schema\\\/person\\\/d1f15c484a663ec5009e83ae26bca506\",\"name\":\"ewan\",\"image\":{\"@type\":\"ImageObject\",\"inLanguage\":\"fr-FR\",\"@id\":\"https:\\\/\\\/secure.gravatar.com\\\/avatar\\\/86acc608068396c481d41cf847369f82be80fd38d49bed4dd8705cfe14b2fadc?s=96&d=mm&r=g\",\"url\":\"https:\\\/\\\/secure.gravatar.com\\\/avatar\\\/86acc608068396c481d41cf847369f82be80fd38d49bed4dd8705cfe14b2fadc?s=96&d=mm&r=g\",\"contentUrl\":\"https:\\\/\\\/secure.gravatar.com\\\/avatar\\\/86acc608068396c481d41cf847369f82be80fd38d49bed4dd8705cfe14b2fadc?s=96&d=mm&r=g\",\"caption\":\"ewan\"},\"url\":\"https:\\\/\\\/www.clic-formalites.com\\\/blog\\\/author\\\/ewan\\\/\"}]}<\/script>\n<!-- \/ Yoast SEO plugin. -->","yoast_head_json":{"title":"Lev\u00e9e de fonds : Comment choisir entre SAS et SARL ?","description":"Avant une lev\u00e9e de fonds, le choix entre SARL et SAS est strat\u00e9gique : il est indispensable de se renseigner afin de faire le meilleur choix.","robots":{"index":"index","follow":"follow","max-snippet":"max-snippet:-1","max-image-preview":"max-image-preview:large","max-video-preview":"max-video-preview:-1"},"canonical":"https:\/\/www.clic-formalites.com\/blog\/levee-de-fonds-sas-et-sarl\/","og_locale":"fr_FR","og_type":"article","og_title":"Lev\u00e9e de fonds : Comment choisir entre SAS et SARL ?","og_description":"Avant une lev\u00e9e de fonds, le choix entre SARL et SAS est strat\u00e9gique : il est indispensable de se renseigner afin de faire le meilleur choix.","og_url":"https:\/\/www.clic-formalites.com\/blog\/levee-de-fonds-sas-et-sarl\/","og_site_name":"Clic Formalit\u00e9s, Le Blog","article_publisher":"https:\/\/www.facebook.com\/search\/top?q=clicformalits","article_published_time":"2026-02-20T14:13:48+00:00","article_modified_time":"2026-04-09T06:29:16+00:00","og_image":[{"width":2560,"height":1439,"url":"https:\/\/www.clic-formalites.com\/blog\/wp-content\/uploads\/2026\/02\/photo-papier-scaled.jpeg","type":"image\/jpeg"}],"author":"ewan","twitter_card":"summary_large_image","twitter_misc":{"\u00c9crit par":"ewan","Dur\u00e9e de lecture estim\u00e9e":"6 minutes"},"schema":{"@context":"https:\/\/schema.org","@graph":[{"@type":["Article","BlogPosting"],"@id":"https:\/\/www.clic-formalites.com\/blog\/levee-de-fonds-sas-et-sarl\/#article","isPartOf":{"@id":"https:\/\/www.clic-formalites.com\/blog\/levee-de-fonds-sas-et-sarl\/"},"author":{"name":"ewan","@id":"https:\/\/www.clic-formalites.com\/blog\/#\/schema\/person\/d1f15c484a663ec5009e83ae26bca506"},"headline":"Lev\u00e9e de fonds : Comment choisir entre SAS et SARL ?","datePublished":"2026-02-20T14:13:48+00:00","dateModified":"2026-04-09T06:29:16+00:00","mainEntityOfPage":{"@id":"https:\/\/www.clic-formalites.com\/blog\/levee-de-fonds-sas-et-sarl\/"},"wordCount":1213,"publisher":{"@id":"https:\/\/www.clic-formalites.com\/blog\/#organization"},"image":{"@id":"https:\/\/www.clic-formalites.com\/blog\/levee-de-fonds-sas-et-sarl\/#primaryimage"},"thumbnailUrl":"https:\/\/www.clic-formalites.com\/blog\/wp-content\/uploads\/2026\/02\/photo-papier-scaled.jpeg","articleSection":["Guide de l'Entrepreneur"],"inLanguage":"fr-FR"},{"@type":"WebPage","@id":"https:\/\/www.clic-formalites.com\/blog\/levee-de-fonds-sas-et-sarl\/","url":"https:\/\/www.clic-formalites.com\/blog\/levee-de-fonds-sas-et-sarl\/","name":"Lev\u00e9e de fonds : Comment choisir entre SAS et SARL ?","isPartOf":{"@id":"https:\/\/www.clic-formalites.com\/blog\/#website"},"primaryImageOfPage":{"@id":"https:\/\/www.clic-formalites.com\/blog\/levee-de-fonds-sas-et-sarl\/#primaryimage"},"image":{"@id":"https:\/\/www.clic-formalites.com\/blog\/levee-de-fonds-sas-et-sarl\/#primaryimage"},"thumbnailUrl":"https:\/\/www.clic-formalites.com\/blog\/wp-content\/uploads\/2026\/02\/photo-papier-scaled.jpeg","datePublished":"2026-02-20T14:13:48+00:00","dateModified":"2026-04-09T06:29:16+00:00","description":"Avant une lev\u00e9e de fonds, le choix entre SARL et SAS est strat\u00e9gique : il est indispensable de se renseigner afin de faire le meilleur choix.","breadcrumb":{"@id":"https:\/\/www.clic-formalites.com\/blog\/levee-de-fonds-sas-et-sarl\/#breadcrumb"},"inLanguage":"fr-FR","potentialAction":[{"@type":"ReadAction","target":["https:\/\/www.clic-formalites.com\/blog\/levee-de-fonds-sas-et-sarl\/"]}]},{"@type":"ImageObject","inLanguage":"fr-FR","@id":"https:\/\/www.clic-formalites.com\/blog\/levee-de-fonds-sas-et-sarl\/#primaryimage","url":"https:\/\/www.clic-formalites.com\/blog\/wp-content\/uploads\/2026\/02\/photo-papier-scaled.jpeg","contentUrl":"https:\/\/www.clic-formalites.com\/blog\/wp-content\/uploads\/2026\/02\/photo-papier-scaled.jpeg","width":2560,"height":1439},{"@type":"BreadcrumbList","@id":"https:\/\/www.clic-formalites.com\/blog\/levee-de-fonds-sas-et-sarl\/#breadcrumb","itemListElement":[{"@type":"ListItem","position":1,"name":"Accueil","item":"https:\/\/www.clic-formalites.com\/blog\/"},{"@type":"ListItem","position":2,"name":"Lev\u00e9e de fonds : Comment choisir entre SAS et SARL ?"}]},{"@type":"WebSite","@id":"https:\/\/www.clic-formalites.com\/blog\/#website","url":"https:\/\/www.clic-formalites.com\/blog\/","name":"Clic Formalit\u00e9s, Le Blog","description":"","publisher":{"@id":"https:\/\/www.clic-formalites.com\/blog\/#organization"},"potentialAction":[{"@type":"SearchAction","target":{"@type":"EntryPoint","urlTemplate":"https:\/\/www.clic-formalites.com\/blog\/?s={search_term_string}"},"query-input":{"@type":"PropertyValueSpecification","valueRequired":true,"valueName":"search_term_string"}}],"inLanguage":"fr-FR"},{"@type":"Organization","@id":"https:\/\/www.clic-formalites.com\/blog\/#organization","name":"Clic Formalit\u00e9s, Le Blog","url":"https:\/\/www.clic-formalites.com\/blog\/","logo":{"@type":"ImageObject","inLanguage":"fr-FR","@id":"https:\/\/www.clic-formalites.com\/blog\/#\/schema\/logo\/image\/","url":"https:\/\/www.clic-formalites.com\/blog\/wp-content\/uploads\/2026\/01\/clic-logo.png","contentUrl":"https:\/\/www.clic-formalites.com\/blog\/wp-content\/uploads\/2026\/01\/clic-logo.png","width":884,"height":329,"caption":"Clic Formalit\u00e9s, Le Blog"},"image":{"@id":"https:\/\/www.clic-formalites.com\/blog\/#\/schema\/logo\/image\/"},"sameAs":["https:\/\/www.facebook.com\/search\/top?q=clicformalits","https:\/\/www.linkedin.com\/company\/clic-formalits\/posts\/?feedView=all"]},{"@type":"Person","@id":"https:\/\/www.clic-formalites.com\/blog\/#\/schema\/person\/d1f15c484a663ec5009e83ae26bca506","name":"ewan","image":{"@type":"ImageObject","inLanguage":"fr-FR","@id":"https:\/\/secure.gravatar.com\/avatar\/86acc608068396c481d41cf847369f82be80fd38d49bed4dd8705cfe14b2fadc?s=96&d=mm&r=g","url":"https:\/\/secure.gravatar.com\/avatar\/86acc608068396c481d41cf847369f82be80fd38d49bed4dd8705cfe14b2fadc?s=96&d=mm&r=g","contentUrl":"https:\/\/secure.gravatar.com\/avatar\/86acc608068396c481d41cf847369f82be80fd38d49bed4dd8705cfe14b2fadc?s=96&d=mm&r=g","caption":"ewan"},"url":"https:\/\/www.clic-formalites.com\/blog\/author\/ewan\/"}]}},"_links":{"self":[{"href":"https:\/\/www.clic-formalites.com\/blog\/wp-json\/wp\/v2\/posts\/1454","targetHints":{"allow":["GET"]}}],"collection":[{"href":"https:\/\/www.clic-formalites.com\/blog\/wp-json\/wp\/v2\/posts"}],"about":[{"href":"https:\/\/www.clic-formalites.com\/blog\/wp-json\/wp\/v2\/types\/post"}],"author":[{"embeddable":true,"href":"https:\/\/www.clic-formalites.com\/blog\/wp-json\/wp\/v2\/users\/13"}],"replies":[{"embeddable":true,"href":"https:\/\/www.clic-formalites.com\/blog\/wp-json\/wp\/v2\/comments?post=1454"}],"version-history":[{"count":21,"href":"https:\/\/www.clic-formalites.com\/blog\/wp-json\/wp\/v2\/posts\/1454\/revisions"}],"predecessor-version":[{"id":1664,"href":"https:\/\/www.clic-formalites.com\/blog\/wp-json\/wp\/v2\/posts\/1454\/revisions\/1664"}],"wp:featuredmedia":[{"embeddable":true,"href":"https:\/\/www.clic-formalites.com\/blog\/wp-json\/wp\/v2\/media\/1472"}],"wp:attachment":[{"href":"https:\/\/www.clic-formalites.com\/blog\/wp-json\/wp\/v2\/media?parent=1454"}],"wp:term":[{"taxonomy":"category","embeddable":true,"href":"https:\/\/www.clic-formalites.com\/blog\/wp-json\/wp\/v2\/categories?post=1454"},{"taxonomy":"post_tag","embeddable":true,"href":"https:\/\/www.clic-formalites.com\/blog\/wp-json\/wp\/v2\/tags?post=1454"}],"curies":[{"name":"wp","href":"https:\/\/api.w.org\/{rel}","templated":true}]}}