{"id":1065,"date":"2025-07-11T14:10:40","date_gmt":"2025-07-11T13:10:40","guid":{"rendered":"https:\/\/www.clic-formalites.com\/blog\/?p=1065"},"modified":"2026-03-26T15:38:25","modified_gmt":"2026-03-26T14:38:25","slug":"depot-des-comptes","status":"publish","type":"post","link":"https:\/\/www.clic-formalites.com\/blog\/depot-des-comptes\/","title":{"rendered":"D\u00e9p\u00f4t des comptes annuels : obligations, proc\u00e9dure et risques"},"content":{"rendered":"\n<p>Le <strong>d\u00e9p\u00f4t des comptes annuels<\/strong> est une obligation l\u00e9gale incontournable pour de nombreuses soci\u00e9t\u00e9s. Cette formalit\u00e9 permet d\u2019assurer la transparence financi\u00e8re aupr\u00e8s des tiers, notamment les partenaires, clients, banques et administrations. Pourtant, elle est souvent n\u00e9glig\u00e9e par les dirigeants, exposant l\u2019entreprise \u00e0 des sanctions parfois lourdes. Dans cet article, d\u00e9couvrez les r\u00e8gles \u00e0 conna\u00eetre, les \u00e9tapes \u00e0 suivre, et les risques \u00e0 \u00e9viter.<\/p>\n\n\n\n<p><\/p>\n\n\n<ol class=\"simpletoc-list\">\n<li><a href=\"#pourquoi-deposer-ses-comptes-annuels\">Pourquoi d\u00e9poser ses comptes annuels ?<\/a>\n\n<\/li>\n<li><a href=\"#quelles-entreprises-sont-concernees-par-lobligation-de-depot\">Quelles entreprises sont concern\u00e9es par l&rsquo;obligation de d\u00e9p\u00f4t ?<\/a>\n\n<\/li>\n<li><a href=\"#quels-sont-les-documents-a-deposer\">Quels sont les documents \u00e0 d\u00e9poser ?<\/a>\n\n<\/li>\n<li><a href=\"#comment-effectuer-le-depot-des-comptes-annuels\">Comment effectuer le d\u00e9p\u00f4t des comptes annuels ?<\/a>\n\n\n<li><a href=\"#erreurs-frequentes-a-eviter\">Erreurs fr\u00e9quentes \u00e0 \u00e9viter<\/a>\n\n<\/li>\n<li><a href=\"#que-risqueton-en-cas-de-nondepot\">Que risque-t-on en cas de non-d\u00e9p\u00f4t ?<\/a>\n\n<\/li>\n<li><a href=\"#le-cout-dun-depot-hors-delai\">Le co\u00fbt d\u2019un d\u00e9p\u00f4t hors d\u00e9lai<\/a>\n\n<\/li>\n<li><a href=\"#en-resume-les-points-cles-a-retenir\">En r\u00e9sum\u00e9 : les points cl\u00e9s \u00e0 retenir<\/a>\n<\/li><\/ol>\n\n<h2 class=\"wp-block-heading\" id=\"pourquoi-deposer-ses-comptes-annuels\">Pourquoi d\u00e9poser ses comptes annuels ?<\/h2>\n\n\n<p>Le d\u00e9p\u00f4t des comptes annuels au greffe du tribunal de commerce est impos\u00e9 par le Code de commerce \u00e0 certaines soci\u00e9t\u00e9s, notamment les <strong>SARL<\/strong>, <strong>SAS<\/strong>, <strong>SA<\/strong> et <strong>SNC<\/strong> dont tous les associ\u00e9s ne sont pas commer\u00e7ants. Cette obligation vise \u00e0 garantir la transparence et l\u2019information du public.<\/p>\n\n\n\n<p>D\u2019un point de vue juridique, ce d\u00e9p\u00f4t permet aussi de prouver que l\u2019entreprise respecte ses obligations comptables. D\u2019un point de vue pratique, il peut rassurer les partenaires financiers et commerciaux.<\/p>\n\n\n\n<p><\/p>\n\n\n<h2 class=\"wp-block-heading\" id=\"quelles-entreprises-sont-concernees-par-lobligation-de-depot\">Quelles entreprises sont concern\u00e9es par l&rsquo;obligation de d\u00e9p\u00f4t ?<\/h2>\n\n\n<p>La majorit\u00e9 des soci\u00e9t\u00e9s commerciales doivent d\u00e9poser leurs comptes chaque ann\u00e9e. Sont notamment concern\u00e9es :<\/p>\n\n\n\n<ul class=\"wp-block-list\">\n<li>Les SARL et EURL<\/li>\n\n\n\n<li>Les SAS et SASU<\/li>\n\n\n\n<li>Les SA<\/li>\n\n\n\n<li>Les SNC ayant des associ\u00e9s non commer\u00e7ants<\/li>\n<\/ul>\n\n\n\n<p>Les micro-entreprises, entreprises individuelles et certaines soci\u00e9t\u00e9s civiles en sont exon\u00e9r\u00e9es.<\/p>\n\n\n\n<p><\/p>\n\n\n<h2 class=\"wp-block-heading\" id=\"quels-sont-les-documents-a-deposer\">Quels sont les documents \u00e0 d\u00e9poser ?<\/h2>\n\n\n<p>Le dossier de d\u00e9p\u00f4t des comptes annuels doit comprendre plusieurs pi\u00e8ces essentielles :<\/p>\n\n\n\n<ul class=\"wp-block-list\">\n<li>Le <strong>bilan comptable<\/strong> (actif et passif)<\/li>\n\n\n\n<li>Le <strong>compte de r\u00e9sultat<\/strong><\/li>\n\n\n\n<li>L\u2019<strong>annexe l\u00e9gale<\/strong>, sauf pour les micro-entreprises<\/li>\n\n\n\n<li>La <strong>proposition d\u2019affectation du r\u00e9sultat<\/strong><\/li>\n\n\n\n<li>Le <strong>rapport de gestion<\/strong> (obligatoire pour certaines formes)<\/li>\n\n\n\n<li>Le cas \u00e9ch\u00e9ant, le <strong>rapport du commissaire aux comptes<\/strong><\/li>\n<\/ul>\n\n\n\n<p>Bon \u00e0 savoir : depuis la loi PACTE, les petites entreprises peuvent demander la confidentialit\u00e9 de leurs comptes (partiellement ou totalement).<\/p>\n\n\n\n<p><\/p>\n\n\n<h2 class=\"wp-block-heading\" id=\"comment-effectuer-le-depot-des-comptes-annuels\">Comment effectuer le d\u00e9p\u00f4t des comptes annuels ?<\/h2>\n\n\n<p>Le d\u00e9p\u00f4t s\u2019effectue aupr\u00e8s du <strong>greffe du tribunal de commerce<\/strong> comp\u00e9tent, g\u00e9n\u00e9ralement en ligne via le site infogreffe.fr ou sur place. Le d\u00e9lai est de <strong>1 mois apr\u00e8s l\u2019approbation des comptes<\/strong>, qui doit intervenir dans les 6 mois suivant la cl\u00f4ture de l\u2019exercice.<\/p>\n\n\n<h3 class=\"wp-block-heading\" id=\"etapes-a-suivre\">\u00c9tapes \u00e0 suivre :<\/h3>\n\n\n<ol class=\"wp-block-list\">\n<li>Pr\u00e9parer les documents comptables.<\/li>\n\n\n\n<li>Les faire approuver en assembl\u00e9e g\u00e9n\u00e9rale.<\/li>\n\n\n\n<li>Remplir le formulaire de d\u00e9p\u00f4t.<\/li>\n\n\n\n<li>R\u00e9gler les frais (environ 45 \u20ac en ligne).<\/li>\n\n\n\n<li>D\u00e9poser le dossier au greffe.<\/li>\n<\/ol>\n\n\n\n<p><\/p>\n\n\n<h2 class=\"wp-block-heading\" id=\"erreurs-frequentes-a-eviter\">Erreurs fr\u00e9quentes \u00e0 \u00e9viter<\/h2>\n\n\n<p>De nombreux dirigeants commettent des erreurs qui peuvent co\u00fbter cher :<\/p>\n\n\n\n<ul class=\"wp-block-list\">\n<li>Oublier de d\u00e9poser les comptes dans les d\u00e9lais<\/li>\n\n\n\n<li>Ne pas joindre tous les documents requis<\/li>\n\n\n\n<li>Ne pas respecter le formalisme de l\u2019assembl\u00e9e<\/li>\n\n\n\n<li>Confondre d\u00e9p\u00f4t des comptes et approbation des comptes<\/li>\n<\/ul>\n\n\n\n<p>\u00c0 titre d\u2019exemple, une SAS ayant cl\u00f4tur\u00e9 au 31 d\u00e9cembre doit tenir son assembl\u00e9e au plus tard le 30 juin et d\u00e9poser ses comptes avant le 31 juillet.<\/p>\n\n\n\n<p><\/p>\n\n\n<h2 class=\"wp-block-heading\" id=\"que-risqueton-en-cas-de-nondepot\">Que risque-t-on en cas de non-d\u00e9p\u00f4t ?<\/h2>\n\n\n<p>L\u2019absence de d\u00e9p\u00f4t peut entra\u00eener plusieurs sanctions :<\/p>\n\n\n\n<ul class=\"wp-block-list\">\n<li><strong>Amende de 1 500 \u20ac<\/strong>, voire 3 000 \u20ac en cas de r\u00e9cidive<\/li>\n\n\n\n<li><strong>Injonction du pr\u00e9sident du tribunal<\/strong> de d\u00e9poser les comptes<\/li>\n\n\n\n<li><strong>Sanctions personnelles du dirigeant<\/strong><\/li>\n\n\n\n<li>Perte de cr\u00e9dibilit\u00e9 vis-\u00e0-vis des partenaires<\/li>\n\n\n\n<li><strong>D\u00e9nonciation \u00e0 la Banque de France<\/strong> (impact sur la cotation FIBEN)<\/li>\n<\/ul>\n\n\n\n<p>En cas de contentieux ou de proc\u00e9dure collective, le d\u00e9faut de d\u00e9p\u00f4t peut aussi \u00eatre retenu contre le dirigeant.<\/p>\n\n\n\n<p><\/p>\n\n\n<h2 class=\"wp-block-heading\" id=\"le-cout-dun-depot-hors-delai\">Le co\u00fbt d\u2019un d\u00e9p\u00f4t hors d\u00e9lai<\/h2>\n\n\n<p>D\u00e9poser les comptes apr\u00e8s le d\u00e9lai l\u00e9gal entra\u00eene un <strong>surco\u00fbt de traitement<\/strong>. En 2025, le tarif standard est de 45,02 \u20ac en ligne, mais peut grimper \u00e0 plus de 70 \u20ac en cas de r\u00e9gularisation tardive ou de d\u00e9p\u00f4t papier avec traitement manuel.<\/p>\n\n\n\n<p>Mieux vaut donc anticiper la proc\u00e9dure et utiliser les plateformes en ligne, plus rapides et moins co\u00fbteuses.<\/p>\n\n\n\n<p><\/p>\n\n\n<h2 class=\"wp-block-heading\" id=\"en-resume-les-points-cles-a-retenir\">En r\u00e9sum\u00e9 : les points cl\u00e9s \u00e0 retenir<\/h2>\n\n\n<ul class=\"wp-block-list\">\n<li>Le <strong>d\u00e9p\u00f4t des comptes annuels<\/strong> est une obligation l\u00e9gale pour les soci\u00e9t\u00e9s commerciales.<\/li>\n\n\n\n<li>Il doit \u00eatre r\u00e9alis\u00e9 <strong>dans le mois suivant l\u2019approbation des comptes<\/strong>.<\/li>\n\n\n\n<li>Un <strong>non-d\u00e9p\u00f4t expose \u00e0 des amendes<\/strong>, une injonction judiciaire, et une perte de cr\u00e9dibilit\u00e9.<\/li>\n\n\n\n<li>Le co\u00fbt est mod\u00e9r\u00e9, mais <strong>plus \u00e9lev\u00e9 en cas de d\u00e9p\u00f4t hors d\u00e9lai<\/strong>.<\/li>\n\n\n\n<li>La proc\u00e9dure peut \u00eatre simplifi\u00e9e en ligne via Infogreffe ou Clic Formalit\u00e9s.<\/li>\n<\/ul>\n\n\n\n<p>\ud83d\udc49 <strong>Besoin d\u2019aide pour d\u00e9poser vos comptes annuels dans les d\u00e9lais ?<\/strong> Clic Formalit\u00e9s vous accompagne dans vos d\u00e9marches juridiques et administratives. Gagnez du temps et s\u00e9curisez votre conformit\u00e9 !<\/p>\n\n\n\n<hr class=\"wp-block-separator has-alpha-channel-opacity\"\/>\n\n\n\n<p><strong>A lire \u00e9galement<\/strong> :<\/p>\n\n\n\n<p>Tout savoir sur le <a href=\"https:\/\/www.clic-formalites.com\/blog\/codenaf\/\">code NAF<\/a><\/p>\n","protected":false},"excerpt":{"rendered":"<p>Le d&eacute;p&ocirc;t des comptes annuels est une obligation l&eacute;gale incontournable pour de nombreuses soci&eacute;t&eacute;s. Cette formalit&eacute; permet d&rsquo;assurer la transparence financi&egrave;re aupr&egrave;s des tiers, notamment les partenaires, clients, banques et administrations. Pourtant, elle est souvent n&eacute;glig&eacute;e par les dirigeants, exposant l&rsquo;entreprise &agrave; des sanctions parfois lourdes. Dans cet article, d&eacute;couvrez les r&egrave;gles &agrave; conna&icirc;tre, les [&hellip;]<\/p>\n","protected":false},"author":9,"featured_media":1066,"comment_status":"closed","ping_status":"open","sticky":false,"template":"","format":"standard","meta":{"footnotes":""},"categories":[51],"tags":[],"class_list":["post-1065","post","type-post","status-publish","format-standard","has-post-thumbnail","hentry","category-les-dossiers"],"yoast_head":"<!-- This site is optimized with the Yoast SEO plugin v27.5 - https:\/\/yoast.com\/product\/yoast-seo-wordpress\/ -->\n<title>D\u00e9p\u00f4t des comptes annuels : obligations, d\u00e9lais et sanctions<\/title>\n<meta name=\"description\" content=\"D\u00e9p\u00f4t des comptes annuels : obligations l\u00e9gales, proc\u00e9dure, d\u00e9lais et risques en cas de non-d\u00e9p\u00f4t. Tout ce qu&#039;il faut savoir.\" \/>\n<meta name=\"robots\" content=\"index, follow, max-snippet:-1, max-image-preview:large, max-video-preview:-1\" \/>\n<link rel=\"canonical\" href=\"https:\/\/www.clic-formalites.com\/blog\/depot-des-comptes\/\" \/>\n<meta property=\"og:locale\" content=\"fr_FR\" \/>\n<meta property=\"og:type\" content=\"article\" \/>\n<meta property=\"og:title\" content=\"D\u00e9p\u00f4t des comptes annuels : obligations, d\u00e9lais et sanctions\" \/>\n<meta property=\"og:description\" content=\"D\u00e9p\u00f4t des comptes annuels : obligations l\u00e9gales, proc\u00e9dure, d\u00e9lais et risques en cas de non-d\u00e9p\u00f4t. Tout ce qu&#039;il faut savoir.\" \/>\n<meta property=\"og:url\" content=\"https:\/\/www.clic-formalites.com\/blog\/depot-des-comptes\/\" \/>\n<meta property=\"og:site_name\" content=\"Clic Formalit\u00e9s, Le Blog\" \/>\n<meta property=\"article:publisher\" content=\"https:\/\/www.facebook.com\/search\/top?q=clicformalits\" \/>\n<meta property=\"article:published_time\" content=\"2025-07-11T13:10:40+00:00\" \/>\n<meta property=\"article:modified_time\" content=\"2026-03-26T14:38:25+00:00\" \/>\n<meta property=\"og:image\" content=\"https:\/\/www.clic-formalites.com\/blog\/wp-content\/uploads\/2025\/07\/brano-heYdDdq0cbE-unsplash.jpg\" \/>\n\t<meta property=\"og:image:width\" content=\"1920\" \/>\n\t<meta property=\"og:image:height\" content=\"1080\" \/>\n\t<meta property=\"og:image:type\" content=\"image\/jpeg\" \/>\n<meta name=\"author\" content=\"Doriane S.\" \/>\n<meta name=\"twitter:card\" content=\"summary_large_image\" \/>\n<meta name=\"twitter:label1\" content=\"\u00c9crit par\" \/>\n\t<meta name=\"twitter:data1\" content=\"Doriane S.\" \/>\n\t<meta name=\"twitter:label2\" content=\"Dur\u00e9e de lecture estim\u00e9e\" \/>\n\t<meta name=\"twitter:data2\" content=\"4 minutes\" \/>\n<script type=\"application\/ld+json\" class=\"yoast-schema-graph\">{\"@context\":\"https:\\\/\\\/schema.org\",\"@graph\":[{\"@type\":[\"Article\",\"BlogPosting\"],\"@id\":\"https:\\\/\\\/www.clic-formalites.com\\\/blog\\\/depot-des-comptes\\\/#article\",\"isPartOf\":{\"@id\":\"https:\\\/\\\/www.clic-formalites.com\\\/blog\\\/depot-des-comptes\\\/\"},\"author\":{\"name\":\"Doriane S.\",\"@id\":\"https:\\\/\\\/www.clic-formalites.com\\\/blog\\\/#\\\/schema\\\/person\\\/0a5af902de850798958dcc5ec7a60293\"},\"headline\":\"D\u00e9p\u00f4t des comptes annuels : obligations, proc\u00e9dure et risques\",\"datePublished\":\"2025-07-11T13:10:40+00:00\",\"dateModified\":\"2026-03-26T14:38:25+00:00\",\"mainEntityOfPage\":{\"@id\":\"https:\\\/\\\/www.clic-formalites.com\\\/blog\\\/depot-des-comptes\\\/\"},\"wordCount\":794,\"publisher\":{\"@id\":\"https:\\\/\\\/www.clic-formalites.com\\\/blog\\\/#organization\"},\"image\":{\"@id\":\"https:\\\/\\\/www.clic-formalites.com\\\/blog\\\/depot-des-comptes\\\/#primaryimage\"},\"thumbnailUrl\":\"https:\\\/\\\/www.clic-formalites.com\\\/blog\\\/wp-content\\\/uploads\\\/2025\\\/07\\\/brano-heYdDdq0cbE-unsplash.jpg\",\"articleSection\":[\"Les Dossiers\"],\"inLanguage\":\"fr-FR\"},{\"@type\":\"WebPage\",\"@id\":\"https:\\\/\\\/www.clic-formalites.com\\\/blog\\\/depot-des-comptes\\\/\",\"url\":\"https:\\\/\\\/www.clic-formalites.com\\\/blog\\\/depot-des-comptes\\\/\",\"name\":\"D\u00e9p\u00f4t des comptes annuels : obligations, d\u00e9lais et sanctions\",\"isPartOf\":{\"@id\":\"https:\\\/\\\/www.clic-formalites.com\\\/blog\\\/#website\"},\"primaryImageOfPage\":{\"@id\":\"https:\\\/\\\/www.clic-formalites.com\\\/blog\\\/depot-des-comptes\\\/#primaryimage\"},\"image\":{\"@id\":\"https:\\\/\\\/www.clic-formalites.com\\\/blog\\\/depot-des-comptes\\\/#primaryimage\"},\"thumbnailUrl\":\"https:\\\/\\\/www.clic-formalites.com\\\/blog\\\/wp-content\\\/uploads\\\/2025\\\/07\\\/brano-heYdDdq0cbE-unsplash.jpg\",\"datePublished\":\"2025-07-11T13:10:40+00:00\",\"dateModified\":\"2026-03-26T14:38:25+00:00\",\"description\":\"D\u00e9p\u00f4t des comptes annuels : obligations l\u00e9gales, proc\u00e9dure, d\u00e9lais et risques en cas de non-d\u00e9p\u00f4t. Tout ce qu'il faut savoir.\",\"breadcrumb\":{\"@id\":\"https:\\\/\\\/www.clic-formalites.com\\\/blog\\\/depot-des-comptes\\\/#breadcrumb\"},\"inLanguage\":\"fr-FR\",\"potentialAction\":[{\"@type\":\"ReadAction\",\"target\":[\"https:\\\/\\\/www.clic-formalites.com\\\/blog\\\/depot-des-comptes\\\/\"]}]},{\"@type\":\"ImageObject\",\"inLanguage\":\"fr-FR\",\"@id\":\"https:\\\/\\\/www.clic-formalites.com\\\/blog\\\/depot-des-comptes\\\/#primaryimage\",\"url\":\"https:\\\/\\\/www.clic-formalites.com\\\/blog\\\/wp-content\\\/uploads\\\/2025\\\/07\\\/brano-heYdDdq0cbE-unsplash.jpg\",\"contentUrl\":\"https:\\\/\\\/www.clic-formalites.com\\\/blog\\\/wp-content\\\/uploads\\\/2025\\\/07\\\/brano-heYdDdq0cbE-unsplash.jpg\",\"width\":1920,\"height\":1080,\"caption\":\"D\u00e9p\u00f4t des comptes annuels : obligations, d\u00e9lais et sanctions\"},{\"@type\":\"BreadcrumbList\",\"@id\":\"https:\\\/\\\/www.clic-formalites.com\\\/blog\\\/depot-des-comptes\\\/#breadcrumb\",\"itemListElement\":[{\"@type\":\"ListItem\",\"position\":1,\"name\":\"Accueil\",\"item\":\"https:\\\/\\\/www.clic-formalites.com\\\/blog\\\/\"},{\"@type\":\"ListItem\",\"position\":2,\"name\":\"D\u00e9p\u00f4t des comptes annuels : obligations, proc\u00e9dure et risques\"}]},{\"@type\":\"WebSite\",\"@id\":\"https:\\\/\\\/www.clic-formalites.com\\\/blog\\\/#website\",\"url\":\"https:\\\/\\\/www.clic-formalites.com\\\/blog\\\/\",\"name\":\"Clic Formalit\u00e9s, Le Blog\",\"description\":\"\",\"publisher\":{\"@id\":\"https:\\\/\\\/www.clic-formalites.com\\\/blog\\\/#organization\"},\"potentialAction\":[{\"@type\":\"SearchAction\",\"target\":{\"@type\":\"EntryPoint\",\"urlTemplate\":\"https:\\\/\\\/www.clic-formalites.com\\\/blog\\\/?s={search_term_string}\"},\"query-input\":{\"@type\":\"PropertyValueSpecification\",\"valueRequired\":true,\"valueName\":\"search_term_string\"}}],\"inLanguage\":\"fr-FR\"},{\"@type\":\"Organization\",\"@id\":\"https:\\\/\\\/www.clic-formalites.com\\\/blog\\\/#organization\",\"name\":\"Clic Formalit\u00e9s, Le Blog\",\"url\":\"https:\\\/\\\/www.clic-formalites.com\\\/blog\\\/\",\"logo\":{\"@type\":\"ImageObject\",\"inLanguage\":\"fr-FR\",\"@id\":\"https:\\\/\\\/www.clic-formalites.com\\\/blog\\\/#\\\/schema\\\/logo\\\/image\\\/\",\"url\":\"https:\\\/\\\/www.clic-formalites.com\\\/blog\\\/wp-content\\\/uploads\\\/2026\\\/01\\\/clic-logo.png\",\"contentUrl\":\"https:\\\/\\\/www.clic-formalites.com\\\/blog\\\/wp-content\\\/uploads\\\/2026\\\/01\\\/clic-logo.png\",\"width\":884,\"height\":329,\"caption\":\"Clic Formalit\u00e9s, Le Blog\"},\"image\":{\"@id\":\"https:\\\/\\\/www.clic-formalites.com\\\/blog\\\/#\\\/schema\\\/logo\\\/image\\\/\"},\"sameAs\":[\"https:\\\/\\\/www.facebook.com\\\/search\\\/top?q=clicformalits\",\"https:\\\/\\\/www.linkedin.com\\\/company\\\/clic-formalits\\\/posts\\\/?feedView=all\"]},{\"@type\":\"Person\",\"@id\":\"https:\\\/\\\/www.clic-formalites.com\\\/blog\\\/#\\\/schema\\\/person\\\/0a5af902de850798958dcc5ec7a60293\",\"name\":\"Doriane S.\",\"image\":{\"@type\":\"ImageObject\",\"inLanguage\":\"fr-FR\",\"@id\":\"https:\\\/\\\/secure.gravatar.com\\\/avatar\\\/d6e9a8743b1659d0e2554de64a478a08aa5d2eed9e44b7b6a27bba7301ce3f71?s=96&d=mm&r=g\",\"url\":\"https:\\\/\\\/secure.gravatar.com\\\/avatar\\\/d6e9a8743b1659d0e2554de64a478a08aa5d2eed9e44b7b6a27bba7301ce3f71?s=96&d=mm&r=g\",\"contentUrl\":\"https:\\\/\\\/secure.gravatar.com\\\/avatar\\\/d6e9a8743b1659d0e2554de64a478a08aa5d2eed9e44b7b6a27bba7301ce3f71?s=96&d=mm&r=g\",\"caption\":\"Doriane S.\"},\"url\":\"https:\\\/\\\/www.clic-formalites.com\\\/blog\\\/author\\\/doriane\\\/\"}]}<\/script>\n<!-- \/ Yoast SEO plugin. -->","yoast_head_json":{"title":"D\u00e9p\u00f4t des comptes annuels : obligations, d\u00e9lais et sanctions","description":"D\u00e9p\u00f4t des comptes annuels : obligations l\u00e9gales, proc\u00e9dure, d\u00e9lais et risques en cas de non-d\u00e9p\u00f4t. Tout ce qu'il faut savoir.","robots":{"index":"index","follow":"follow","max-snippet":"max-snippet:-1","max-image-preview":"max-image-preview:large","max-video-preview":"max-video-preview:-1"},"canonical":"https:\/\/www.clic-formalites.com\/blog\/depot-des-comptes\/","og_locale":"fr_FR","og_type":"article","og_title":"D\u00e9p\u00f4t des comptes annuels : obligations, d\u00e9lais et sanctions","og_description":"D\u00e9p\u00f4t des comptes annuels : obligations l\u00e9gales, proc\u00e9dure, d\u00e9lais et risques en cas de non-d\u00e9p\u00f4t. Tout ce qu'il faut savoir.","og_url":"https:\/\/www.clic-formalites.com\/blog\/depot-des-comptes\/","og_site_name":"Clic Formalit\u00e9s, Le Blog","article_publisher":"https:\/\/www.facebook.com\/search\/top?q=clicformalits","article_published_time":"2025-07-11T13:10:40+00:00","article_modified_time":"2026-03-26T14:38:25+00:00","og_image":[{"width":1920,"height":1080,"url":"https:\/\/www.clic-formalites.com\/blog\/wp-content\/uploads\/2025\/07\/brano-heYdDdq0cbE-unsplash.jpg","type":"image\/jpeg"}],"author":"Doriane S.","twitter_card":"summary_large_image","twitter_misc":{"\u00c9crit par":"Doriane S.","Dur\u00e9e de lecture estim\u00e9e":"4 minutes"},"schema":{"@context":"https:\/\/schema.org","@graph":[{"@type":["Article","BlogPosting"],"@id":"https:\/\/www.clic-formalites.com\/blog\/depot-des-comptes\/#article","isPartOf":{"@id":"https:\/\/www.clic-formalites.com\/blog\/depot-des-comptes\/"},"author":{"name":"Doriane S.","@id":"https:\/\/www.clic-formalites.com\/blog\/#\/schema\/person\/0a5af902de850798958dcc5ec7a60293"},"headline":"D\u00e9p\u00f4t des comptes annuels : obligations, proc\u00e9dure et risques","datePublished":"2025-07-11T13:10:40+00:00","dateModified":"2026-03-26T14:38:25+00:00","mainEntityOfPage":{"@id":"https:\/\/www.clic-formalites.com\/blog\/depot-des-comptes\/"},"wordCount":794,"publisher":{"@id":"https:\/\/www.clic-formalites.com\/blog\/#organization"},"image":{"@id":"https:\/\/www.clic-formalites.com\/blog\/depot-des-comptes\/#primaryimage"},"thumbnailUrl":"https:\/\/www.clic-formalites.com\/blog\/wp-content\/uploads\/2025\/07\/brano-heYdDdq0cbE-unsplash.jpg","articleSection":["Les Dossiers"],"inLanguage":"fr-FR"},{"@type":"WebPage","@id":"https:\/\/www.clic-formalites.com\/blog\/depot-des-comptes\/","url":"https:\/\/www.clic-formalites.com\/blog\/depot-des-comptes\/","name":"D\u00e9p\u00f4t des comptes annuels : obligations, d\u00e9lais et sanctions","isPartOf":{"@id":"https:\/\/www.clic-formalites.com\/blog\/#website"},"primaryImageOfPage":{"@id":"https:\/\/www.clic-formalites.com\/blog\/depot-des-comptes\/#primaryimage"},"image":{"@id":"https:\/\/www.clic-formalites.com\/blog\/depot-des-comptes\/#primaryimage"},"thumbnailUrl":"https:\/\/www.clic-formalites.com\/blog\/wp-content\/uploads\/2025\/07\/brano-heYdDdq0cbE-unsplash.jpg","datePublished":"2025-07-11T13:10:40+00:00","dateModified":"2026-03-26T14:38:25+00:00","description":"D\u00e9p\u00f4t des comptes annuels : obligations l\u00e9gales, proc\u00e9dure, d\u00e9lais et risques en cas de non-d\u00e9p\u00f4t. Tout ce qu'il faut savoir.","breadcrumb":{"@id":"https:\/\/www.clic-formalites.com\/blog\/depot-des-comptes\/#breadcrumb"},"inLanguage":"fr-FR","potentialAction":[{"@type":"ReadAction","target":["https:\/\/www.clic-formalites.com\/blog\/depot-des-comptes\/"]}]},{"@type":"ImageObject","inLanguage":"fr-FR","@id":"https:\/\/www.clic-formalites.com\/blog\/depot-des-comptes\/#primaryimage","url":"https:\/\/www.clic-formalites.com\/blog\/wp-content\/uploads\/2025\/07\/brano-heYdDdq0cbE-unsplash.jpg","contentUrl":"https:\/\/www.clic-formalites.com\/blog\/wp-content\/uploads\/2025\/07\/brano-heYdDdq0cbE-unsplash.jpg","width":1920,"height":1080,"caption":"D\u00e9p\u00f4t des comptes annuels : obligations, d\u00e9lais et sanctions"},{"@type":"BreadcrumbList","@id":"https:\/\/www.clic-formalites.com\/blog\/depot-des-comptes\/#breadcrumb","itemListElement":[{"@type":"ListItem","position":1,"name":"Accueil","item":"https:\/\/www.clic-formalites.com\/blog\/"},{"@type":"ListItem","position":2,"name":"D\u00e9p\u00f4t des comptes annuels : obligations, proc\u00e9dure et risques"}]},{"@type":"WebSite","@id":"https:\/\/www.clic-formalites.com\/blog\/#website","url":"https:\/\/www.clic-formalites.com\/blog\/","name":"Clic Formalit\u00e9s, Le Blog","description":"","publisher":{"@id":"https:\/\/www.clic-formalites.com\/blog\/#organization"},"potentialAction":[{"@type":"SearchAction","target":{"@type":"EntryPoint","urlTemplate":"https:\/\/www.clic-formalites.com\/blog\/?s={search_term_string}"},"query-input":{"@type":"PropertyValueSpecification","valueRequired":true,"valueName":"search_term_string"}}],"inLanguage":"fr-FR"},{"@type":"Organization","@id":"https:\/\/www.clic-formalites.com\/blog\/#organization","name":"Clic Formalit\u00e9s, Le Blog","url":"https:\/\/www.clic-formalites.com\/blog\/","logo":{"@type":"ImageObject","inLanguage":"fr-FR","@id":"https:\/\/www.clic-formalites.com\/blog\/#\/schema\/logo\/image\/","url":"https:\/\/www.clic-formalites.com\/blog\/wp-content\/uploads\/2026\/01\/clic-logo.png","contentUrl":"https:\/\/www.clic-formalites.com\/blog\/wp-content\/uploads\/2026\/01\/clic-logo.png","width":884,"height":329,"caption":"Clic Formalit\u00e9s, Le Blog"},"image":{"@id":"https:\/\/www.clic-formalites.com\/blog\/#\/schema\/logo\/image\/"},"sameAs":["https:\/\/www.facebook.com\/search\/top?q=clicformalits","https:\/\/www.linkedin.com\/company\/clic-formalits\/posts\/?feedView=all"]},{"@type":"Person","@id":"https:\/\/www.clic-formalites.com\/blog\/#\/schema\/person\/0a5af902de850798958dcc5ec7a60293","name":"Doriane S.","image":{"@type":"ImageObject","inLanguage":"fr-FR","@id":"https:\/\/secure.gravatar.com\/avatar\/d6e9a8743b1659d0e2554de64a478a08aa5d2eed9e44b7b6a27bba7301ce3f71?s=96&d=mm&r=g","url":"https:\/\/secure.gravatar.com\/avatar\/d6e9a8743b1659d0e2554de64a478a08aa5d2eed9e44b7b6a27bba7301ce3f71?s=96&d=mm&r=g","contentUrl":"https:\/\/secure.gravatar.com\/avatar\/d6e9a8743b1659d0e2554de64a478a08aa5d2eed9e44b7b6a27bba7301ce3f71?s=96&d=mm&r=g","caption":"Doriane S."},"url":"https:\/\/www.clic-formalites.com\/blog\/author\/doriane\/"}]}},"_links":{"self":[{"href":"https:\/\/www.clic-formalites.com\/blog\/wp-json\/wp\/v2\/posts\/1065","targetHints":{"allow":["GET"]}}],"collection":[{"href":"https:\/\/www.clic-formalites.com\/blog\/wp-json\/wp\/v2\/posts"}],"about":[{"href":"https:\/\/www.clic-formalites.com\/blog\/wp-json\/wp\/v2\/types\/post"}],"author":[{"embeddable":true,"href":"https:\/\/www.clic-formalites.com\/blog\/wp-json\/wp\/v2\/users\/9"}],"replies":[{"embeddable":true,"href":"https:\/\/www.clic-formalites.com\/blog\/wp-json\/wp\/v2\/comments?post=1065"}],"version-history":[{"count":8,"href":"https:\/\/www.clic-formalites.com\/blog\/wp-json\/wp\/v2\/posts\/1065\/revisions"}],"predecessor-version":[{"id":1799,"href":"https:\/\/www.clic-formalites.com\/blog\/wp-json\/wp\/v2\/posts\/1065\/revisions\/1799"}],"wp:featuredmedia":[{"embeddable":true,"href":"https:\/\/www.clic-formalites.com\/blog\/wp-json\/wp\/v2\/media\/1066"}],"wp:attachment":[{"href":"https:\/\/www.clic-formalites.com\/blog\/wp-json\/wp\/v2\/media?parent=1065"}],"wp:term":[{"taxonomy":"category","embeddable":true,"href":"https:\/\/www.clic-formalites.com\/blog\/wp-json\/wp\/v2\/categories?post=1065"},{"taxonomy":"post_tag","embeddable":true,"href":"https:\/\/www.clic-formalites.com\/blog\/wp-json\/wp\/v2\/tags?post=1065"}],"curies":[{"name":"wp","href":"https:\/\/api.w.org\/{rel}","templated":true}]}}